{"id":14189,"date":"2024-09-27T13:20:39","date_gmt":"2024-09-27T11:20:39","guid":{"rendered":"https:\/\/blog.caritas.barcelona\/?p=14189"},"modified":"2024-09-27T13:20:39","modified_gmt":"2024-09-27T11:20:39","slug":"si-las-personas-mayores-necesitamos-compania","status":"publish","type":"post","link":"https:\/\/blog.caritas.barcelona\/es\/personas-mayores\/si-las-personas-mayores-necesitamos-compania\/","title":{"rendered":"S\u00ed, las personas mayores necesitamos compa\u00f1\u00eda"},"content":{"rendered":"<p>Si hablamos de soledad, soy una de las muchas personas que se encuentran en esta situaci\u00f3n<\/p>\n<p style=\"text-align: center\"><img loading=\"lazy\" decoding=\"async\" class=\"size-full wp-image-14184 aligncenter\" src=\"https:\/\/blog.caritas.barcelona\/wp-content\/uploads\/sites\/2\/2024\/09\/20201002_RICARDO-e1727435877842.png\" alt=\"\" width=\"768\" height=\"381\" \/><\/p>\n<p>Me llamo Ricardo. Tengo 86 a\u00f1os y vivo solo en un piso de 25 m\u00b2.<\/p>\n<p><strong>Si hablamos de soledad, soy una de las muchas personas que se encuentran en esta situaci\u00f3n, ya que no me queda familia<\/strong>. De lunes a viernes, recibo el servicio a domicilio de unas trabajadoras familiares que me ayudan en las cuestiones de higiene personal o a preparar la comida, entre otras tareas. \u00a1Disfruto mucho cuando me preparan torrijas! Tambi\u00e9n tengo a una persona que me ayuda en la limpieza del hogar, ya que las limitaciones f\u00edsicas no me permiten realizar las tareas del d\u00eda a d\u00eda.<\/p>\n<p>Una vez por semana, me visita una voluntaria de C\u00e1ritas, que siempre espero con ilusi\u00f3n. Si hace buen tiempo, salimos a pasear. Adem\u00e1s, durante el curso escolar me vienen a ver dos chicos de 17 a\u00f1os, que son alumnos de una escuela que colabora con C\u00e1ritas. Tengo la oportunidad de charlar con ellos, y me acompa\u00f1an a ver c\u00f3mo anda el barrio.<\/p>\n<p><img loading=\"lazy\" decoding=\"async\" class=\"size-full wp-image-14186 aligncenter\" src=\"https:\/\/blog.caritas.barcelona\/wp-content\/uploads\/sites\/2\/2024\/09\/20201002_RICARDO_2-e1727435906229.png\" alt=\"\" width=\"768\" height=\"432\" \/><\/p>\n<p><strong>Es cierto que cuento con algunas amistades, pero son pocas<\/strong>. Tengo buena relaci\u00f3n con unas vecinas, que a veces me hacen compa\u00f1\u00eda. Antes ten\u00edan un perrito, y cuando sal\u00edan de viaje me lo dejaban para que se lo cuidara. Con el perro nos hac\u00edamos compa\u00f1\u00eda. Tambi\u00e9n tengo una amiga de origen italiano. Antes viv\u00eda en mi escalera, con su pareja, pero volvieron a Italia porque les resultaba demasiado caro el coste de la vivienda en Barcelona. Hace poco han vuelto a Catalunya, y viven en Amposta. Han tenido un hijo. \u00a0Vino a visitarme hace algunas semanas, y aprovech\u00f3 para presentarme al ni\u00f1o, que ya tiene nueve meses. \u00a0<strong>Pude cogerlo en brazos, y dado que yo nunca ha tenido hijos, me hizo mucha ilusi\u00f3n.<\/strong><\/p>\n","protected":false},"excerpt":{"rendered":"<p>Si hablamos de soledad, soy una de las muchas personas que se encuentran en esta situaci\u00f3n Me llamo Ricardo. Tengo 86 a\u00f1os y vivo solo en un piso de 25 m\u00b2. Si hablamos de soledad, soy una de las muchas personas que se encuentran en esta situaci\u00f3n, ya que no me queda familia. De lunes [&hellip;]<\/p>\n","protected":false},"author":4,"featured_media":14185,"comment_status":"closed","ping_status":"closed","sticky":false,"template":"","format":"standard","meta":{"footnotes":""},"categories":[26],"tags":[],"autor":[36],"class_list":["post-14189","post","type-post","status-publish","format-standard","has-post-thumbnail","hentry","category-personas-mayores","autor-caritas-diocesana-de-barcelona-es"],"aioseo_notices":[],"_links":{"self":[{"href":"https:\/\/blog.caritas.barcelona\/es\/wp-json\/wp\/v2\/posts\/14189","targetHints":{"allow":["GET"]}}],"collection":[{"href":"https:\/\/blog.caritas.barcelona\/es\/wp-json\/wp\/v2\/posts"}],"about":[{"href":"https:\/\/blog.caritas.barcelona\/es\/wp-json\/wp\/v2\/types\/post"}],"author":[{"embeddable":true,"href":"https:\/\/blog.caritas.barcelona\/es\/wp-json\/wp\/v2\/users\/4"}],"replies":[{"embeddable":true,"href":"https:\/\/blog.caritas.barcelona\/es\/wp-json\/wp\/v2\/comments?post=14189"}],"version-history":[{"count":1,"href":"https:\/\/blog.caritas.barcelona\/es\/wp-json\/wp\/v2\/posts\/14189\/revisions"}],"predecessor-version":[{"id":14190,"href":"https:\/\/blog.caritas.barcelona\/es\/wp-json\/wp\/v2\/posts\/14189\/revisions\/14190"}],"wp:featuredmedia":[{"embeddable":true,"href":"https:\/\/blog.caritas.barcelona\/es\/wp-json\/wp\/v2\/media\/14185"}],"wp:attachment":[{"href":"https:\/\/blog.caritas.barcelona\/es\/wp-json\/wp\/v2\/media?parent=14189"}],"wp:term":[{"taxonomy":"category","embeddable":true,"href":"https:\/\/blog.caritas.barcelona\/es\/wp-json\/wp\/v2\/categories?post=14189"},{"taxonomy":"post_tag","embeddable":true,"href":"https:\/\/blog.caritas.barcelona\/es\/wp-json\/wp\/v2\/tags?post=14189"},{"taxonomy":"autor","embeddable":true,"href":"https:\/\/blog.caritas.barcelona\/es\/wp-json\/wp\/v2\/autor?post=14189"}],"curies":[{"name":"wp","href":"https:\/\/api.w.org\/{rel}","templated":true}]}}