{"id":14160,"date":"2024-09-19T13:20:22","date_gmt":"2024-09-19T11:20:22","guid":{"rendered":"https:\/\/blog.caritas.barcelona\/?p=14160"},"modified":"2024-09-19T13:20:22","modified_gmt":"2024-09-19T11:20:22","slug":"impresiones-sobre-el-punto-de-encuentro","status":"publish","type":"post","link":"https:\/\/blog.caritas.barcelona\/es\/opinion\/impresiones-sobre-el-punto-de-encuentro\/","title":{"rendered":"Impresiones sobre el Punto de Encuentro"},"content":{"rendered":"<p>Uno de los valores a los que apela C\u00e1ritas y el Punto de Encuentro es el reconocimiento de la autonom\u00eda. Comprender que las personas son capaces y responsables de realizar su propio curso de vida<\/p>\n<p style=\"text-align: center\"><img loading=\"lazy\" decoding=\"async\" class=\"size-full wp-image-14155 aligncenter\" src=\"https:\/\/blog.caritas.barcelona\/wp-content\/uploads\/sites\/2\/2024\/09\/20240122_DESPATX_ZONA_PASTORAL_4_CORNELLA_@DANI_CODINA-1-scaled-e1726744084618.jpg\" alt=\"\" width=\"768\" height=\"576\" \/><\/p>\n<p>Durante mi paso por C\u00e1ritas he estado participando en actividades sociales y comunitarias, entre las cuales est\u00e1 el Punto de Encuentro (PE). El PE es un espacio de atenci\u00f3n para personas migrantes organizado semanalmente en el despacho de C\u00e1ritas de Cornell\u00e0. Todos los lunes por la ma\u00f1ana, a las 10h, se re\u00fanen personas contratadas, voluntarias y participantes para compartir un caf\u00e9, resolver dudas y colaborar colectivamente en asuntos que afectan a los reci\u00e9n llegados, como es el registro en el padr\u00f3n municipal, abrir una cuenta bancaria, la homologaci\u00f3n de los t\u00edtulos t\u00e9cnicos o profesionales o la obtenci\u00f3n de la tarjeta sanitaria, entre otros. En cada sesi\u00f3n, las personas reci\u00e9n llegadas que asisten en el Punto de Encuentro se registran en la recepci\u00f3n. Despu\u00e9s, las personas contratadas y voluntarias las invitan a pasar a la sala, y las reciben con un caf\u00e9 y galletas.<\/p>\n<p>A medida que van entrando, les preguntamos por su nombre y el motivo de su visita, cu\u00e1les son sus inquietudes y necesidades. Como persona voluntaria y observador de las din\u00e1micas del encuentro y las interacciones entre los participantes, me ha llamado la atenci\u00f3n la capacidad de los trabajadores sociales para conducir un espacio grupal al que acuden entre 15 y 20 personas. Semanalmente, una o dos profesionales lideran el PE. Cada una de las trabajadoras sociales tiene un estilo diferente. Unas son ejecutivas y eficientes, otras son acogedoras y divertidas. Independientemente de su manera de ser y proceder, todas consiguen captar la atenci\u00f3n de la gente y explicarles amablemente los procedimientos burocr\u00e1ticos que deben llevarse a cabo para acceder al padr\u00f3n y abrir una cuenta bancaria, entre otros tr\u00e1mites. En el PE llegan personas migrantes con trayectorias de vida muy variadas. En general, son hombres y mujeres procedentes de Latinoam\u00e9rica o el Magreb, con experiencias migratorias complejas. <strong>Todos llegan en busca de oportunidades para su vida y la de sus familias<\/strong>. Por eso mismo, necesitan apoyo para regularizar su situaci\u00f3n administrativa y conseguir un trabajo formal que les permita regularizar su situaci\u00f3n administrativa y cumplir sus objetivos. <strong>En este sentido, la atenci\u00f3n que brindan las personas de C\u00e1ritas es fundamental para la acogida, el acompa\u00f1amiento y la integraci\u00f3n potencial en la sociedad.<\/strong><\/p>\n<p><img loading=\"lazy\" decoding=\"async\" class=\"size-full wp-image-14157 aligncenter\" src=\"https:\/\/blog.caritas.barcelona\/wp-content\/uploads\/sites\/2\/2024\/09\/20240122_DESPATX_ZONA_PASTORAL_4_CORNELLA_@DANI_CODINA-25-scaled-e1726744398975.jpg\" alt=\"\" width=\"768\" height=\"576\" \/><\/p>\n<p>Al comienzo, las personas muestran timidez y muchas dudas. Al final de la sesi\u00f3n, se van con sus documentos firmados y timbrados, y con la tranquilidad en su cara, confiados de que podr\u00e1n realizar sus tr\u00e1mites por s\u00ed mismos en las respectivas instituciones. <strong>Uno de los valores a los que apela o hace C\u00e1ritas, y el PE en particular, es el reconocimiento de la autonom\u00eda. Comprender que las personas son capaces y responsables de llevar a cabo su propio curso de vida. Nunca se habla de personas vulnerables. Aunque la situaci\u00f3n actual en la que se encuentran pueda ser complicada o muy adversa, C\u00e1ritas reconoce en sus acciones las capacidades y fortalezas de las personas que acuden al Punto de Encuentro<\/strong>. No los consideran indefensos o impotentes, los acompa\u00f1an en cada una de sus dudas sobre burocracia, siempre tediosa y complicada. Adem\u00e1s, la atenci\u00f3n es muy amable y cordial. En mi experiencia, creo que esto es esencial a la hora de destacar la atenci\u00f3n en C\u00e1ritas y en su Punto de Encuentro para personas migrantes.<\/p>\n","protected":false},"excerpt":{"rendered":"<p>Uno de los valores a los que apela C\u00e1ritas y el Punto de Encuentro es el reconocimiento de la autonom\u00eda. Comprender que las personas son capaces y responsables de realizar su propio curso de vida Durante mi paso por C\u00e1ritas he estado participando en actividades sociales y comunitarias, entre las cuales est\u00e1 el Punto de [&hellip;]<\/p>\n","protected":false},"author":4,"featured_media":14156,"comment_status":"closed","ping_status":"closed","sticky":false,"template":"","format":"standard","meta":{"footnotes":""},"categories":[31,19],"tags":[],"autor":[2296],"class_list":["post-14160","post","type-post","status-publish","format-standard","has-post-thumbnail","hentry","category-acogida-y-acompanamiento","category-opinion","autor-cristobal-abarca-es"],"aioseo_notices":[],"_links":{"self":[{"href":"https:\/\/blog.caritas.barcelona\/es\/wp-json\/wp\/v2\/posts\/14160","targetHints":{"allow":["GET"]}}],"collection":[{"href":"https:\/\/blog.caritas.barcelona\/es\/wp-json\/wp\/v2\/posts"}],"about":[{"href":"https:\/\/blog.caritas.barcelona\/es\/wp-json\/wp\/v2\/types\/post"}],"author":[{"embeddable":true,"href":"https:\/\/blog.caritas.barcelona\/es\/wp-json\/wp\/v2\/users\/4"}],"replies":[{"embeddable":true,"href":"https:\/\/blog.caritas.barcelona\/es\/wp-json\/wp\/v2\/comments?post=14160"}],"version-history":[{"count":1,"href":"https:\/\/blog.caritas.barcelona\/es\/wp-json\/wp\/v2\/posts\/14160\/revisions"}],"predecessor-version":[{"id":14161,"href":"https:\/\/blog.caritas.barcelona\/es\/wp-json\/wp\/v2\/posts\/14160\/revisions\/14161"}],"wp:featuredmedia":[{"embeddable":true,"href":"https:\/\/blog.caritas.barcelona\/es\/wp-json\/wp\/v2\/media\/14156"}],"wp:attachment":[{"href":"https:\/\/blog.caritas.barcelona\/es\/wp-json\/wp\/v2\/media?parent=14160"}],"wp:term":[{"taxonomy":"category","embeddable":true,"href":"https:\/\/blog.caritas.barcelona\/es\/wp-json\/wp\/v2\/categories?post=14160"},{"taxonomy":"post_tag","embeddable":true,"href":"https:\/\/blog.caritas.barcelona\/es\/wp-json\/wp\/v2\/tags?post=14160"},{"taxonomy":"autor","embeddable":true,"href":"https:\/\/blog.caritas.barcelona\/es\/wp-json\/wp\/v2\/autor?post=14160"}],"curies":[{"name":"wp","href":"https:\/\/api.w.org\/{rel}","templated":true}]}}