{"id":14096,"date":"2024-07-31T10:39:08","date_gmt":"2024-07-31T08:39:08","guid":{"rendered":"https:\/\/blog.caritas.barcelona\/?p=14096"},"modified":"2024-07-31T10:49:09","modified_gmt":"2024-07-31T08:49:09","slug":"una-economia-que-realmente-mata","status":"publish","type":"post","link":"https:\/\/blog.caritas.barcelona\/es\/opinion\/una-economia-que-realmente-mata\/","title":{"rendered":"Una econom\u00eda que realmente mata"},"content":{"rendered":"<p>La <a href=\"https:\/\/www.youtube.com\/watch?v=Ndf0ZUVI26k\" target=\"_blank\" rel=\"noopener\">necronom\u00eda<\/a> (econom\u00eda contra la vida) se palpa en las personas que se encuentran en situaci\u00f3n de mayor vulnerabilidad. Personas en situaci\u00f3n de exclusi\u00f3n, invisibilizadas y con sus derechos m\u00e1s b\u00e1sicos vulnerados, pero que conocemos desde las entidades sociales.<\/p>\n<p><img loading=\"lazy\" decoding=\"async\" class=\"size-full wp-image-14089 aligncenter\" src=\"https:\/\/blog.caritas.barcelona\/wp-content\/uploads\/sites\/2\/2024\/07\/20200127_recurs_diners-7-scaled-e1722414769722.jpg\" alt=\"\" width=\"768\" height=\"512\" \/><\/p>\n<p>Seg\u00fan la Fundaci\u00f3n FOESSA estamos hablando de 2,2 millones de personas en situaci\u00f3n de exclusi\u00f3n social en Catalunya. <strong>La vivienda se ha convertido en un bien especulativo, dejando a familias enteras a la intemperie, siendo una de las principales cuestiones que explican estas altas cifras de exclusi\u00f3n.<\/strong> Estas familias sobreviven en situaciones de calle, en infraviviendas o realquilando habitaciones. Me gustar\u00eda que fu\u00e9ramos conscientes de lo que significa: <strong>inseguridad permanente de que te echen a la calle, indefensi\u00f3n ante todo tipo de abusos (desde precios abusivos, obligaci\u00f3n de compartir espacios comunes con desconocidos, dificultades en la convivencia, horarios para ir al ba\u00f1o&#8230;), rotaci\u00f3n elevada y dificultad para arraigarte en el barrio.<\/strong> Todo esto a\u00fan se hace m\u00e1s dif\u00edcil cuando hay ni\u00f1os, que no pueden hacer ruido, no tienen espacio para estudiar o que no pueden quedarse solos. El miedo a no tener suficiente dinero cada inicio de mes para pagar la habitaci\u00f3n, sumado a la obligatoriedad de tener que elegir entre quedarse en la calle o no comer.<\/p>\n<p><strong>La vivienda es el lugar donde descansar, sentirse seguro, protegido&#8230; una realidad que queda muy lejos para muchas personas.<\/strong> La dificultad para hacer frente a los costes de la vivienda y los suministros no solo se da por unos precios del alquiler desbocados, sino tambi\u00e9n por un mercado laboral dualizado, donde el empleo se divide entre \u00abempleo\u00bb o \u00abprecariedad laboral\u00bb. Trabajar unas pocas horas al mes forma parte de la normalidad, con lo que el sueldo no llega para cubrir las necesidades m\u00e1s b\u00e1sicas. La inestabilidad no permite planificar la vida, sino sobrevivir con el agua al cuello. Lejos queda la carrera profesional, la realizaci\u00f3n personal.<\/p>\n<p><img loading=\"lazy\" decoding=\"async\" class=\"size-full wp-image-14091 aligncenter\" src=\"https:\/\/blog.caritas.barcelona\/wp-content\/uploads\/sites\/2\/2024\/07\/20220720_recurs_habitatge_gotic_15-scaled-e1722414812119.jpg\" alt=\"\" width=\"768\" height=\"512\" \/><\/p>\n<p>Incluso disponer de lo m\u00e1s elemental, que ser\u00eda un contrato laboral, es ahora un sue\u00f1o para personas en situaci\u00f3n administrativa irregular, que son las personas expulsadas e invisibilizadas incluso de las estad\u00edsticas; no constan, no existen\u2026 Unas fronteras de papel marcan la diferencia entre ciudadanos de primera y de segunda, o directamente no ciudadanos. <strong>Se a\u00f1ade la falta de lugares o de cultura del encuentro, la falta de v\u00ednculo con la comunidad, la falta de redes sociales que hace que las personas se sientan solas, se queden aisladas, cuando sabemos que la resiliencia se construye en comunidad, porque no es lo mismo afrontar las dificultades solo o acompa\u00f1ado. <\/strong><\/p>\n<p>Y as\u00ed se van abriendo brechas en las condiciones de vida, que sit\u00faan en desventaja a las mujeres, a las personas migrantes, a las familias con ni\u00f1os, ni\u00f1as y adolescentes\u2026 y que, mediante la transmisi\u00f3n intergeneracional de la pobreza, son desigualdades tambi\u00e9n futuras, puesto que estos menores que viven estas condiciones hoy tienen mayor probabilidad de reproducirlas ma\u00f1ana, mientras no tengamos claro el derecho al cuidado y el principio del inter\u00e9s superior de los menores.<\/p>\n<p><img loading=\"lazy\" decoding=\"async\" class=\"size-full wp-image-14093 aligncenter\" src=\"https:\/\/blog.caritas.barcelona\/wp-content\/uploads\/sites\/2\/2024\/07\/20220826_RELLOGUER_VANIA_ERIKA_@DANI_CODINA-25-scaled-e1722414933572.jpg\" alt=\"\" width=\"768\" height=\"576\" \/><\/p>\n<p>Y, finalmente, un peque\u00f1o apunte sobre el marco desde el cual miramos. <strong>Todav\u00eda nos cuesta salir de la mirada asistencialista y observar desde la mirada de derechos de las personas.<\/strong> Nos cuesta pensar en un nosotros que nos incluya a todos y a todas, nos cuesta darle sentido a valores como la solidaridad, que hoy se ha devaluado y ha perdido el significado de fraternidad que deber\u00eda tener. Y si las personas tenemos unos derechos fundamentales es porque como sociedad tenemos la obligaci\u00f3n de garantizarlos.<\/p>\n<p>Recordando a Z. Bauman: el poder de carga de un puente no es la fuerza promedio de los pilares, sino la fuerza del pilar m\u00e1s d\u00e9bil. <strong>Lo que marca nuestra val\u00eda como sociedad es c\u00f3mo tratamos a las personas que se encuentran en una situaci\u00f3n de mayor fragilidad.<\/strong><\/p>\n","protected":false},"excerpt":{"rendered":"<p>La necronom\u00eda (econom\u00eda contra la vida) se palpa en las personas que se encuentran en situaci\u00f3n de mayor vulnerabilidad. Personas en situaci\u00f3n de exclusi\u00f3n, invisibilizadas y con sus derechos m\u00e1s b\u00e1sicos vulnerados, pero que conocemos desde las entidades sociales. Seg\u00fan la Fundaci\u00f3n FOESSA estamos hablando de 2,2 millones de personas en situaci\u00f3n de exclusi\u00f3n social [&hellip;]<\/p>\n","protected":false},"author":4,"featured_media":14090,"comment_status":"closed","ping_status":"closed","sticky":false,"template":"","format":"standard","meta":{"footnotes":""},"categories":[2057,19],"tags":[],"autor":[1200],"class_list":["post-14096","post","type-post","status-publish","format-standard","has-post-thumbnail","hentry","category-observatorio-de-la-realidad","category-opinion","autor-miriam-feu-es"],"aioseo_notices":[],"_links":{"self":[{"href":"https:\/\/blog.caritas.barcelona\/es\/wp-json\/wp\/v2\/posts\/14096","targetHints":{"allow":["GET"]}}],"collection":[{"href":"https:\/\/blog.caritas.barcelona\/es\/wp-json\/wp\/v2\/posts"}],"about":[{"href":"https:\/\/blog.caritas.barcelona\/es\/wp-json\/wp\/v2\/types\/post"}],"author":[{"embeddable":true,"href":"https:\/\/blog.caritas.barcelona\/es\/wp-json\/wp\/v2\/users\/4"}],"replies":[{"embeddable":true,"href":"https:\/\/blog.caritas.barcelona\/es\/wp-json\/wp\/v2\/comments?post=14096"}],"version-history":[{"count":3,"href":"https:\/\/blog.caritas.barcelona\/es\/wp-json\/wp\/v2\/posts\/14096\/revisions"}],"predecessor-version":[{"id":14100,"href":"https:\/\/blog.caritas.barcelona\/es\/wp-json\/wp\/v2\/posts\/14096\/revisions\/14100"}],"wp:featuredmedia":[{"embeddable":true,"href":"https:\/\/blog.caritas.barcelona\/es\/wp-json\/wp\/v2\/media\/14090"}],"wp:attachment":[{"href":"https:\/\/blog.caritas.barcelona\/es\/wp-json\/wp\/v2\/media?parent=14096"}],"wp:term":[{"taxonomy":"category","embeddable":true,"href":"https:\/\/blog.caritas.barcelona\/es\/wp-json\/wp\/v2\/categories?post=14096"},{"taxonomy":"post_tag","embeddable":true,"href":"https:\/\/blog.caritas.barcelona\/es\/wp-json\/wp\/v2\/tags?post=14096"},{"taxonomy":"autor","embeddable":true,"href":"https:\/\/blog.caritas.barcelona\/es\/wp-json\/wp\/v2\/autor?post=14096"}],"curies":[{"name":"wp","href":"https:\/\/api.w.org\/{rel}","templated":true}]}}