{"id":14021,"date":"2024-06-12T18:55:44","date_gmt":"2024-06-12T16:55:44","guid":{"rendered":"https:\/\/blog.caritas.barcelona\/?p=14021"},"modified":"2024-06-14T13:31:23","modified_gmt":"2024-06-14T11:31:23","slug":"les-persones-mayores-piezas-claves-en-nuestra-comunidad","status":"publish","type":"post","link":"https:\/\/blog.caritas.barcelona\/es\/personas-mayores\/les-persones-mayores-piezas-claves-en-nuestra-comunidad\/","title":{"rendered":"Les persones mayores, piezas claves en nuestra comunidad"},"content":{"rendered":"<p>En el Dia Mundial contra el abuso y maltrato a las personas mayores, el 15 de junio, queremos reconocer p\u00fablicamente el papel clave de las personas mayores en nuestra di\u00f3cesis y agradecerles cada una de las aportaciones de las personas mayores a la sociedad.<img loading=\"lazy\" decoding=\"async\" class=\"size-full wp-image-14016 aligncenter\" src=\"https:\/\/blog.caritas.barcelona\/wp-content\/uploads\/sites\/2\/2024\/06\/Disseny-sense-titol-10.png\" alt=\"\" width=\"1600\" height=\"900\" srcset=\"https:\/\/blog.caritas.barcelona\/wp-content\/uploads\/sites\/2\/2024\/06\/Disseny-sense-titol-10.png 1600w, https:\/\/blog.caritas.barcelona\/wp-content\/uploads\/sites\/2\/2024\/06\/Disseny-sense-titol-10-300x169.png 300w, https:\/\/blog.caritas.barcelona\/wp-content\/uploads\/sites\/2\/2024\/06\/Disseny-sense-titol-10-1024x576.png 1024w, https:\/\/blog.caritas.barcelona\/wp-content\/uploads\/sites\/2\/2024\/06\/Disseny-sense-titol-10-768x432.png 768w, https:\/\/blog.caritas.barcelona\/wp-content\/uploads\/sites\/2\/2024\/06\/Disseny-sense-titol-10-1536x864.png 1536w\" sizes=\"auto, (max-width: 1600px) 100vw, 1600px\" \/><\/p>\n<p><strong>Cada persona mayor es una pieza singular de nuestra historia.<\/strong> Sin ellas, no conocer\u00edamos nuestra cultura, nuestras tradiciones, nuestros recursos como sociedad\u2026 Son el testimonio vivo de nuestros cimientos.<\/p>\n<p><strong>Cada persona mayor es una pieza clave en nuestro futuro.<\/strong> Sin ellas no podremos pensar c\u00f3mo seguir construyendo la sociedad inclusiva que queremos ser.<\/p>\n<p><strong>Cada persona mayor es una pieza esencial en nuestro presente.<\/strong> Su sabidur\u00eda vital, capacidad para el compromiso social, disponibilidad, sus diversos conocimientos t\u00e9cnicos, pr\u00e1cticos, sus diferentes habilidades personales\u2026 son imprescindibles para que el mundo en el que vivimos ahora siga funcionado.<\/p>\n<p>Las personas mayores ahora <strong>son piezas clave de la cohesi\u00f3n social, de la vivencia de la pertenencia a la comunidad y la apertura a la novedad.<\/strong> Son expertas en permitir que la vida avance, sin perder la ra\u00edz. Nuestra sociedad necesita de la sabidur\u00eda, el buen hacer y las variadas experiencias vitales de cada una de las personas mayores.<\/p>\n<p><strong>En Catalu\u00f1a 1 de cada 5 personas tiene m\u00e1s de 65 a\u00f1os y cada una de ellas es especial, necesaria y pieza imprescindible de nuestro pasado, presente y futuro.<\/strong><\/p>\n<p>&nbsp;<\/p>\n","protected":false},"excerpt":{"rendered":"<p>En el Dia Mundial contra el abuso y maltrato a las personas mayores, el 15 de junio, queremos reconocer p\u00fablicamente el papel clave de las personas mayores en nuestra di\u00f3cesis y agradecerles cada una de las aportaciones de las personas mayores a la sociedad. Cada persona mayor es una pieza singular de nuestra historia. Sin [&hellip;]<\/p>\n","protected":false},"author":4,"featured_media":14019,"comment_status":"closed","ping_status":"closed","sticky":false,"template":"","format":"standard","meta":{"footnotes":""},"categories":[26],"tags":[2294,1224,891],"autor":[36],"class_list":["post-14021","post","type-post","status-publish","format-standard","has-post-thumbnail","hentry","category-personas-mayores","tag-15-de-junio","tag-caritas-es","tag-personas-mayores","autor-caritas-diocesana-de-barcelona-es"],"aioseo_notices":[],"_links":{"self":[{"href":"https:\/\/blog.caritas.barcelona\/es\/wp-json\/wp\/v2\/posts\/14021","targetHints":{"allow":["GET"]}}],"collection":[{"href":"https:\/\/blog.caritas.barcelona\/es\/wp-json\/wp\/v2\/posts"}],"about":[{"href":"https:\/\/blog.caritas.barcelona\/es\/wp-json\/wp\/v2\/types\/post"}],"author":[{"embeddable":true,"href":"https:\/\/blog.caritas.barcelona\/es\/wp-json\/wp\/v2\/users\/4"}],"replies":[{"embeddable":true,"href":"https:\/\/blog.caritas.barcelona\/es\/wp-json\/wp\/v2\/comments?post=14021"}],"version-history":[{"count":5,"href":"https:\/\/blog.caritas.barcelona\/es\/wp-json\/wp\/v2\/posts\/14021\/revisions"}],"predecessor-version":[{"id":14047,"href":"https:\/\/blog.caritas.barcelona\/es\/wp-json\/wp\/v2\/posts\/14021\/revisions\/14047"}],"wp:featuredmedia":[{"embeddable":true,"href":"https:\/\/blog.caritas.barcelona\/es\/wp-json\/wp\/v2\/media\/14019"}],"wp:attachment":[{"href":"https:\/\/blog.caritas.barcelona\/es\/wp-json\/wp\/v2\/media?parent=14021"}],"wp:term":[{"taxonomy":"category","embeddable":true,"href":"https:\/\/blog.caritas.barcelona\/es\/wp-json\/wp\/v2\/categories?post=14021"},{"taxonomy":"post_tag","embeddable":true,"href":"https:\/\/blog.caritas.barcelona\/es\/wp-json\/wp\/v2\/tags?post=14021"},{"taxonomy":"autor","embeddable":true,"href":"https:\/\/blog.caritas.barcelona\/es\/wp-json\/wp\/v2\/autor?post=14021"}],"curies":[{"name":"wp","href":"https:\/\/api.w.org\/{rel}","templated":true}]}}