{"id":13751,"date":"2024-03-14T19:03:16","date_gmt":"2024-03-14T18:03:16","guid":{"rendered":"https:\/\/blog.caritas.barcelona\/?p=13751"},"modified":"2024-03-15T13:51:34","modified_gmt":"2024-03-15T12:51:34","slug":"treinta-anos-y-mas-de-la-fundacion-formacio-i-treball","status":"publish","type":"post","link":"https:\/\/blog.caritas.barcelona\/es\/institucional-es\/treinta-anos-y-mas-de-la-fundacion-formacio-i-treball\/","title":{"rendered":"Treinta a\u00f1os y m\u00e1s de la Fundaci\u00f3 Formaci\u00f3 i Treball"},"content":{"rendered":"<p>La Fundaci\u00f3 ha celebrado sus 30 a\u00f1os de historia en una jornada conmemorativa en el Cercle d\u2019Economia de Barcelona<\/p>\n<figure id=\"attachment_13740\" aria-describedby=\"caption-attachment-13740\" style=\"width: 768px\" class=\"wp-caption aligncenter\"><img loading=\"lazy\" decoding=\"async\" class=\"wp-image-13740 size-full\" src=\"https:\/\/blog.caritas.barcelona\/wp-content\/uploads\/sites\/2\/2024\/03\/2018_FUNDACIO_FORMACIO_I_TREBALL_@FFIT-e1710439094466.jpg\" alt=\"\" width=\"768\" height=\"512\" \/><figcaption id=\"caption-attachment-13740\" class=\"wp-caption-text\">Autor\u00eda: Fundaci\u00f3 Formaci\u00f3 i Treball<\/figcaption><\/figure>\n<p>La Fundaci\u00f3 Formaci\u00f3 i Treball, promovida por C\u00e1ritas Diocesana de Barcelona en 1992, es una de las empresas de inserci\u00f3n referentes para la creaci\u00f3n de puestos de trabajo dirigidos a personas en riesgo de exclusi\u00f3n social. <strong>Desde su creaci\u00f3n ha acompa\u00f1ado a m\u00e1s de 46.000 personas con un modelo de econom\u00eda circular que impulsa el empleo, la sostenibilidad econ\u00f3mica y el respeto por el medio ambiente y a m\u00e1s de 112.000 familias provey\u00e9ndolas de productos de primera necesidad como alimentos, ropa y muebles dom\u00e9sticos.<\/strong><\/p>\n<p><iframe loading=\"lazy\" title=\"30 ANYS I M\u00c9S  Fundaci\u00f3 Formaci\u00f3 i Treball\" width=\"500\" height=\"281\" src=\"https:\/\/www.youtube.com\/embed\/WWboy4PvBYI?feature=oembed\" frameborder=\"0\" allow=\"accelerometer; autoplay; clipboard-write; encrypted-media; gyroscope; picture-in-picture; web-share\" referrerpolicy=\"strict-origin-when-cross-origin\" allowfullscreen><\/iframe><\/p>\n<p>La Fundaci\u00f3 ha celebrado sus 30 a\u00f1os de historia en una jornada conmemorativa en el Cercle d\u2019Economia de Barcelona. En la apertura del acto ha intervenido Xavier Puig, Codirector General de la Fundaci\u00f3 Formaci\u00f3 i Treball, que ha advertido de un aumento de las desigualdades y un crecimiento del riesgo de la marginalidad debido a la reducci\u00f3n de la clase media. <strong>\u201cHay que anticiparse a los cambios del mercado de trabajo y de la sociedad. En este contexto es imprescindible trabajar en alianza con empresas, entidades e instituciones p\u00fablicas y privadas\u201d<\/strong>, ha se\u00f1alado Puig.<\/p>\n<figure id=\"attachment_13742\" aria-describedby=\"caption-attachment-13742\" style=\"width: 768px\" class=\"wp-caption aligncenter\"><img loading=\"lazy\" decoding=\"async\" class=\"wp-image-13742 size-full\" src=\"https:\/\/blog.caritas.barcelona\/wp-content\/uploads\/sites\/2\/2024\/03\/1710422431688-scaled-e1710439141969.jpeg\" alt=\"\" width=\"768\" height=\"512\" \/><figcaption id=\"caption-attachment-13742\" class=\"wp-caption-text\">Autor\u00eda: Fundaci\u00f3 Formaci\u00f3 i Treball<\/figcaption><\/figure>\n<p>Despu\u00e9s de tres d\u00e9cadas de actividad ininterrumpida, <strong>lo que empez\u00f3 siendo un taller de selecci\u00f3n de ropa se ha convertido en lo que hoy en d\u00eda es el grupo de empresas sociales l\u00edder en toda Espa\u00f1a en empleo dirigida a personas en situaci\u00f3n de vulnerabilidad<\/strong>. Pasando de una sede central a abrir siete delegaciones en la \u00faltima d\u00e9cada, esta expansi\u00f3n ha permitido atender a 46.843 personas a lo largo de estos m\u00e1s de 30 a\u00f1os, con una media de 4.000 personas atendidas anualmente durante la \u00faltima d\u00e9cada.<\/p>\n<p>La Fundaci\u00f3 trabaja desde un compromiso basado en la justicia social, poniendo a las personas y sus necesidades en el centro de la actividad, con el objetivo de empoderarlas para entrar en el mercado laboral. <strong>La filosof\u00eda de C\u00e1ritas, que es sin\u00f3nimo de actuar al servicio de las personas, con empat\u00eda social, dignidad, transparencia, sostenibilidad, proactividad y trabajo en red, est\u00e1 presente en cada una de las acciones de la Fundaci\u00f3.<\/strong><\/p>\n<p><strong>\u201cCelebrar los 30 a\u00f1os de la Fundaci\u00f3 Formaci\u00f3 i Treball en el marco de los 80 a\u00f1os de C\u00e1ritas Diocesana de Barcelona es un hito hist\u00f3rico. Es un gozo poder seguir trabajando juntos para ofrecer oportunidades laborales a quienes m\u00e1s lo necesitan\u201d<\/strong>, ha destacado Eduard Sala, director de C\u00e1ritas Diocesana de Barcelona.<\/p>\n<figure id=\"attachment_13744\" aria-describedby=\"caption-attachment-13744\" style=\"width: 768px\" class=\"wp-caption aligncenter\"><img loading=\"lazy\" decoding=\"async\" class=\"wp-image-13744 size-full\" src=\"https:\/\/blog.caritas.barcelona\/wp-content\/uploads\/sites\/2\/2024\/03\/1710422460455-scaled-e1710439181827.jpeg\" alt=\"\" width=\"768\" height=\"512\" \/><figcaption id=\"caption-attachment-13744\" class=\"wp-caption-text\">Autor\u00eda: Fundaci\u00f3 Formaci\u00f3 i Treball<\/figcaption><\/figure>\n<p>Durante el acto tambi\u00e9n <strong>se ha hecho un homenaje al anterior director de C\u00e1ritas Barcelona, Salvador Busquets, para agradecerle los a\u00f1os de trabajo conjunto en favor de la inserci\u00f3n laboral<\/strong>. Asimismo, se ha tenido <strong>un recuerdo para Manuel Ribas, que fue presidente honor\u00edfico y fundador de la Fundaci\u00f3n Formaci\u00f3 i Treball, as\u00ed como consejero de C\u00e1ritas Barcelona<\/strong>. Ribas nos dej\u00f3 en 2023, y la entidad ha aprovechado el evento para destacar sus a\u00f1os de dedicaci\u00f3n a los m\u00e1s desfavorecidos.<\/p>\n<p>La clausura ha corrido a cargo de Carles Campuzano, conseller de Drets Socials de la Generalitat de Catalunya, y Maria Eugenia Gay, segunda teniente de Alcald\u00eda del Ayuntamiento de Barcelona. Campuzano ha advertido que <strong>\u201caunque los datos del paro han bajado, no lo han hecho los de la pobreza severa\u201d<\/strong>. En esta l\u00ednea, Gay ha agradecido el gran trabajo de la Fundaci\u00f3 Formaci\u00f3 i Treball, celebrando sus 30 a\u00f1os de trayectoria y pidiendo que <strong>\u201cseamos entre todos y todas personas m\u00e1s humanas\u201d<\/strong>.<\/p>\n<p>Para cerrar el acto, Jordi Alberich, director de la Fundaci\u00f3 Formaci\u00f3 i Treball, ha puesto de relieve que <strong>el trabajo, junto a la vivienda y la salud, son claves para evitar caer en la marginalidad.<\/strong><\/p>\n<figure id=\"attachment_13746\" aria-describedby=\"caption-attachment-13746\" style=\"width: 768px\" class=\"wp-caption aligncenter\"><img loading=\"lazy\" decoding=\"async\" class=\"wp-image-13746 size-full\" src=\"https:\/\/blog.caritas.barcelona\/wp-content\/uploads\/sites\/2\/2024\/03\/1710422460441-scaled-e1710439229610.jpeg\" alt=\"\" width=\"768\" height=\"512\" \/><figcaption id=\"caption-attachment-13746\" class=\"wp-caption-text\">Autor\u00eda: Fundaci\u00f3 Formaci\u00f3 i Treball<\/figcaption><\/figure>\n","protected":false},"excerpt":{"rendered":"<p>La Fundaci\u00f3 ha celebrado sus 30 a\u00f1os de historia en una jornada conmemorativa en el Cercle d\u2019Economia de Barcelona La Fundaci\u00f3 Formaci\u00f3 i Treball, promovida por C\u00e1ritas Diocesana de Barcelona en 1992, es una de las empresas de inserci\u00f3n referentes para la creaci\u00f3n de puestos de trabajo dirigidos a personas en riesgo de exclusi\u00f3n social. [&hellip;]<\/p>\n","protected":false},"author":4,"featured_media":13749,"comment_status":"closed","ping_status":"closed","sticky":false,"template":"","format":"standard","meta":{"footnotes":""},"categories":[27,21],"tags":[],"autor":[36],"class_list":["post-13751","post","type-post","status-publish","format-standard","has-post-thumbnail","hentry","category-formacion-e-insercion-laboral","category-institucional-es","autor-caritas-diocesana-de-barcelona-es"],"aioseo_notices":[],"_links":{"self":[{"href":"https:\/\/blog.caritas.barcelona\/es\/wp-json\/wp\/v2\/posts\/13751","targetHints":{"allow":["GET"]}}],"collection":[{"href":"https:\/\/blog.caritas.barcelona\/es\/wp-json\/wp\/v2\/posts"}],"about":[{"href":"https:\/\/blog.caritas.barcelona\/es\/wp-json\/wp\/v2\/types\/post"}],"author":[{"embeddable":true,"href":"https:\/\/blog.caritas.barcelona\/es\/wp-json\/wp\/v2\/users\/4"}],"replies":[{"embeddable":true,"href":"https:\/\/blog.caritas.barcelona\/es\/wp-json\/wp\/v2\/comments?post=13751"}],"version-history":[{"count":4,"href":"https:\/\/blog.caritas.barcelona\/es\/wp-json\/wp\/v2\/posts\/13751\/revisions"}],"predecessor-version":[{"id":13770,"href":"https:\/\/blog.caritas.barcelona\/es\/wp-json\/wp\/v2\/posts\/13751\/revisions\/13770"}],"wp:featuredmedia":[{"embeddable":true,"href":"https:\/\/blog.caritas.barcelona\/es\/wp-json\/wp\/v2\/media\/13749"}],"wp:attachment":[{"href":"https:\/\/blog.caritas.barcelona\/es\/wp-json\/wp\/v2\/media?parent=13751"}],"wp:term":[{"taxonomy":"category","embeddable":true,"href":"https:\/\/blog.caritas.barcelona\/es\/wp-json\/wp\/v2\/categories?post=13751"},{"taxonomy":"post_tag","embeddable":true,"href":"https:\/\/blog.caritas.barcelona\/es\/wp-json\/wp\/v2\/tags?post=13751"},{"taxonomy":"autor","embeddable":true,"href":"https:\/\/blog.caritas.barcelona\/es\/wp-json\/wp\/v2\/autor?post=13751"}],"curies":[{"name":"wp","href":"https:\/\/api.w.org\/{rel}","templated":true}]}}