{"id":13613,"date":"2024-01-29T14:51:59","date_gmt":"2024-01-29T13:51:59","guid":{"rendered":"https:\/\/blog.caritas.barcelona\/?p=13613"},"modified":"2024-01-29T14:53:32","modified_gmt":"2024-01-29T13:53:32","slug":"caritas-barcelona-ha-acompanado-16-millones-de-personas-en-los-ultimos-80-anos","status":"publish","type":"post","link":"https:\/\/blog.caritas.barcelona\/es\/institucional-es\/caritas-barcelona-ha-acompanado-16-millones-de-personas-en-los-ultimos-80-anos\/","title":{"rendered":"C\u00e1ritas Barcelona ha acompa\u00f1ado 1,6 millones de personas en los \u00faltimos 80 a\u00f1os"},"content":{"rendered":"<p>La entidad, que celebra su 80 aniversario, se constituy\u00f3 el 28 de enero de 1944 como Secretariado General Diocesano de Beneficencia Cristiana, y fue una de las primeras C\u00e1ritas de Catalunya y del conjunto del estado.<\/p>\n<p><img loading=\"lazy\" decoding=\"async\" class=\"size-full wp-image-13596 aligncenter\" src=\"https:\/\/blog.caritas.barcelona\/wp-content\/uploads\/sites\/2\/2024\/01\/1964_CAMPANYA_NADAL_ALIMENTS_@CARITAS_BCN-scaled-e1706534587839.jpg\" alt=\"\" width=\"765\" height=\"499\" \/><\/p>\n<p>C\u00e1ritas Diocesana de Barcelona celebra 80 a\u00f1os. El 28 de enero de 1944, el Arzobispo de Barcelona Mons. Gregorio Modrego constituir\u00eda el Secretariado General Diocesano de Beneficencia Cristiana (en 1956 ya se llamar\u00eda C\u00e1ritas Diocesana de Barcelona), con el objetivo de unificar las obras ben\u00e9ficas de la Iglesia en un momento de posguerra en el que hab\u00eda que ayudar a la poblaci\u00f3n a cubrir sus necesidades b\u00e1sicas. <strong>Se tiene constancia de que C\u00e1ritas Diocesana de Barcelona fue una de las primeras C\u00e1ritas de Catalunya, pero tambi\u00e9n del conjunto de Espa\u00f1a. En estos 80 a\u00f1os de historia, C\u00e1ritas estima que 1,6 millones de personas han recibido alg\u00fan apoyo por parte de la entidad.<\/strong><\/p>\n<p><iframe loading=\"lazy\" title=\"Fem 80 anys!\" width=\"500\" height=\"281\" src=\"https:\/\/www.youtube.com\/embed\/soid8U1R-Os?feature=oembed\" frameborder=\"0\" allow=\"accelerometer; autoplay; clipboard-write; encrypted-media; gyroscope; picture-in-picture; web-share\" referrerpolicy=\"strict-origin-when-cross-origin\" allowfullscreen><\/iframe><\/p>\n<p>La posguerra, las inundaciones del Vall\u00e8s y el Bes\u00f2s de los a\u00f1os 60, el chabolismo, el apoyo a barrios de las periferias de Barcelona, el acompa\u00f1amiento a ni\u00f1os y personas mayores desfavorecidas, la lucha contra el paro, la llegada de personas reci\u00e9n llegadas a principios del siglo XXI, la crisis econ\u00f3mica de 2008, la pandemia de la COVID-19 o la actual inflaci\u00f3n son algunos de los muchos episodios en los que C\u00e1ritas ha estado presente. <strong>\u201cCuando recordamos los a\u00f1os de vida de C\u00e1ritas, contemplamos la evoluci\u00f3n de nuestra sociedad, las dificultades que las personas m\u00e1s vulnerables de la di\u00f3cesis de Barcelona han tenido que afrontar y superar. Para C\u00e1ritas, lo importante es la persona y su dignidad\u201d,<\/strong> ha afirmado el director de C\u00e1ritas Barcelona, Eduard Sala. A lo largo de estos a\u00f1os, C\u00e1ritas Diocesana de Barcelona ha visto reconocida su labor con la Creu de Sant Jordi (1990) y la Medalla d\u2019Or de l\u2019Ajuntament de Barcelona (1997).<\/p>\n<p><img loading=\"lazy\" decoding=\"async\" class=\"size-full wp-image-13600 aligncenter\" src=\"https:\/\/blog.caritas.barcelona\/wp-content\/uploads\/sites\/2\/2024\/01\/1958_2024_FACANA_@CARITAS_BCN.png\" alt=\"\" width=\"890\" height=\"600\" srcset=\"https:\/\/blog.caritas.barcelona\/wp-content\/uploads\/sites\/2\/2024\/01\/1958_2024_FACANA_@CARITAS_BCN.png 890w, https:\/\/blog.caritas.barcelona\/wp-content\/uploads\/sites\/2\/2024\/01\/1958_2024_FACANA_@CARITAS_BCN-300x202.png 300w, https:\/\/blog.caritas.barcelona\/wp-content\/uploads\/sites\/2\/2024\/01\/1958_2024_FACANA_@CARITAS_BCN-768x518.png 768w\" sizes=\"auto, (max-width: 890px) 100vw, 890px\" \/><\/p>\n<p>C\u00e1ritas se ha adaptado a las necesidades sociales de cada momento, actuando sobre las problem\u00e1ticas que han ido surgiendo y reflexionando sobre cu\u00e1l era la mejor forma de afrontarlas. <strong>Hoy, C\u00e1ritas diocesana est\u00e1 presente en los 26 municipios de la di\u00f3cesis de Barcelona, dando respuesta a m\u00e1s de 16.000 hogares, donde viven m\u00e1s de 35.000 personas. A esta tarea se suma el trabajo de las 167 C\u00e1ritas parroquiales y arciprestales, que acompa\u00f1an a casi 30.000 hogares donde viven unas 75.000 personas. La acci\u00f3n social de la entidad se despliega en 5 zonas pastorales, desde 8 programas y m\u00e1s de 470 proyectos, que dan respuesta a cuestiones tan diversas como la cobertura de necesidades b\u00e1sicas, la formaci\u00f3n laboral, la vivienda, la infancia, las personas mayores, el acompa\u00f1amiento en derechos o el asesoramiento jur\u00eddico en temas de migraci\u00f3n y extranjer\u00eda, entre otras muchas.<\/strong><\/p>\n<p><img loading=\"lazy\" decoding=\"async\" class=\"wp-image-13602 aligncenter\" src=\"https:\/\/blog.caritas.barcelona\/wp-content\/uploads\/sites\/2\/2024\/01\/20240122_DESPATX_ZONA_PASTORAL_4_CORNELLA_@DANI_CODINA-8-scaled.jpg\" alt=\"\" width=\"765\" height=\"574\" srcset=\"https:\/\/blog.caritas.barcelona\/wp-content\/uploads\/sites\/2\/2024\/01\/20240122_DESPATX_ZONA_PASTORAL_4_CORNELLA_@DANI_CODINA-8-scaled.jpg 1440w, https:\/\/blog.caritas.barcelona\/wp-content\/uploads\/sites\/2\/2024\/01\/20240122_DESPATX_ZONA_PASTORAL_4_CORNELLA_@DANI_CODINA-8-300x225.jpg 300w, https:\/\/blog.caritas.barcelona\/wp-content\/uploads\/sites\/2\/2024\/01\/20240122_DESPATX_ZONA_PASTORAL_4_CORNELLA_@DANI_CODINA-8-1024x768.jpg 1024w, https:\/\/blog.caritas.barcelona\/wp-content\/uploads\/sites\/2\/2024\/01\/20240122_DESPATX_ZONA_PASTORAL_4_CORNELLA_@DANI_CODINA-8-768x576.jpg 768w, https:\/\/blog.caritas.barcelona\/wp-content\/uploads\/sites\/2\/2024\/01\/20240122_DESPATX_ZONA_PASTORAL_4_CORNELLA_@DANI_CODINA-8-1536x1152.jpg 1536w, https:\/\/blog.caritas.barcelona\/wp-content\/uploads\/sites\/2\/2024\/01\/20240122_DESPATX_ZONA_PASTORAL_4_CORNELLA_@DANI_CODINA-8-2048x1536.jpg 2048w\" sizes=\"auto, (max-width: 765px) 100vw, 765px\" \/><\/p>\n<p>Toda esta labor se desarrolla gracias al compromiso de las casi 3.000 personas voluntarias, y al trabajo diario de 191 puestos de trabajo con personas contratadas y 183 puestos de trabajo en nuestros proyectos con personal externo. \u201cDesde sus inicios, C\u00e1ritas es y ha sido una entidad de personas voluntarias, y no con personas voluntarias. Puede parecer una apreciaci\u00f3n menor, pero define a la perfecci\u00f3n la importancia del voluntariado\u201d. Sala tambi\u00e9n ha querido hacer valer el apoyo de los casi 11.000 socios y donantes y de las 601 Entitats amb Cor, ya que gracias a su solidaridad se puede sostener la acci\u00f3n social diaria.<\/p>\n<p><img loading=\"lazy\" decoding=\"async\" class=\"aligncenter wp-image-13604\" src=\"https:\/\/blog.caritas.barcelona\/wp-content\/uploads\/sites\/2\/2024\/01\/20230615_10e_aniversari_creaciO_cAritas-25-scaled.jpg\" alt=\"\" width=\"765\" height=\"574\" srcset=\"https:\/\/blog.caritas.barcelona\/wp-content\/uploads\/sites\/2\/2024\/01\/20230615_10e_aniversari_creaciO_cAritas-25-scaled.jpg 1440w, https:\/\/blog.caritas.barcelona\/wp-content\/uploads\/sites\/2\/2024\/01\/20230615_10e_aniversari_creaciO_cAritas-25-300x225.jpg 300w, https:\/\/blog.caritas.barcelona\/wp-content\/uploads\/sites\/2\/2024\/01\/20230615_10e_aniversari_creaciO_cAritas-25-1024x768.jpg 1024w, https:\/\/blog.caritas.barcelona\/wp-content\/uploads\/sites\/2\/2024\/01\/20230615_10e_aniversari_creaciO_cAritas-25-768x576.jpg 768w, https:\/\/blog.caritas.barcelona\/wp-content\/uploads\/sites\/2\/2024\/01\/20230615_10e_aniversari_creaciO_cAritas-25-1536x1152.jpg 1536w, https:\/\/blog.caritas.barcelona\/wp-content\/uploads\/sites\/2\/2024\/01\/20230615_10e_aniversari_creaciO_cAritas-25-2048x1536.jpg 2048w\" sizes=\"auto, (max-width: 765px) 100vw, 765px\" \/><\/p>\n<p>Desde C\u00e1ritas se afirma que la conmemoraci\u00f3n de los 80 a\u00f1os no debe vivirse solo como una rememoraci\u00f3n del pasado, sino que se hace con la vista puesta hacia el futuro. <strong>\u201cEstamos comprometidos con las personas, en todo su camino para conseguir un hogar digno y una mejora de sus condiciones de vida, en hacer frente a las consecuencias de una subida de precios constantes, en combatir la precarizaci\u00f3n del trabajo, en mejorar su inserci\u00f3n laboral y en acompa\u00f1ar al mayor n\u00famero de familias que llegan a nuestras sesiones de acogida buscando nuevas oportunidades\u201d.<\/strong><\/p>\n","protected":false},"excerpt":{"rendered":"<p>La entidad, que celebra su 80 aniversario, se constituy\u00f3 el 28 de enero de 1944 como Secretariado General Diocesano de Beneficencia Cristiana, y fue una de las primeras C\u00e1ritas de Catalunya y del conjunto del estado. C\u00e1ritas Diocesana de Barcelona celebra 80 a\u00f1os. El 28 de enero de 1944, el Arzobispo de Barcelona Mons. Gregorio [&hellip;]<\/p>\n","protected":false},"author":4,"featured_media":13599,"comment_status":"closed","ping_status":"closed","sticky":false,"template":"","format":"standard","meta":{"footnotes":""},"categories":[21],"tags":[1224,1519],"autor":[36],"class_list":["post-13613","post","type-post","status-publish","format-standard","has-post-thumbnail","hentry","category-institucional-es","tag-caritas-es","tag-historia","autor-caritas-diocesana-de-barcelona-es"],"aioseo_notices":[],"_links":{"self":[{"href":"https:\/\/blog.caritas.barcelona\/es\/wp-json\/wp\/v2\/posts\/13613","targetHints":{"allow":["GET"]}}],"collection":[{"href":"https:\/\/blog.caritas.barcelona\/es\/wp-json\/wp\/v2\/posts"}],"about":[{"href":"https:\/\/blog.caritas.barcelona\/es\/wp-json\/wp\/v2\/types\/post"}],"author":[{"embeddable":true,"href":"https:\/\/blog.caritas.barcelona\/es\/wp-json\/wp\/v2\/users\/4"}],"replies":[{"embeddable":true,"href":"https:\/\/blog.caritas.barcelona\/es\/wp-json\/wp\/v2\/comments?post=13613"}],"version-history":[{"count":3,"href":"https:\/\/blog.caritas.barcelona\/es\/wp-json\/wp\/v2\/posts\/13613\/revisions"}],"predecessor-version":[{"id":13616,"href":"https:\/\/blog.caritas.barcelona\/es\/wp-json\/wp\/v2\/posts\/13613\/revisions\/13616"}],"wp:featuredmedia":[{"embeddable":true,"href":"https:\/\/blog.caritas.barcelona\/es\/wp-json\/wp\/v2\/media\/13599"}],"wp:attachment":[{"href":"https:\/\/blog.caritas.barcelona\/es\/wp-json\/wp\/v2\/media?parent=13613"}],"wp:term":[{"taxonomy":"category","embeddable":true,"href":"https:\/\/blog.caritas.barcelona\/es\/wp-json\/wp\/v2\/categories?post=13613"},{"taxonomy":"post_tag","embeddable":true,"href":"https:\/\/blog.caritas.barcelona\/es\/wp-json\/wp\/v2\/tags?post=13613"},{"taxonomy":"autor","embeddable":true,"href":"https:\/\/blog.caritas.barcelona\/es\/wp-json\/wp\/v2\/autor?post=13613"}],"curies":[{"name":"wp","href":"https:\/\/api.w.org\/{rel}","templated":true}]}}