{"id":13578,"date":"2023-09-15T14:39:58","date_gmt":"2023-09-15T12:39:58","guid":{"rendered":"https:\/\/blog.caritas.barcelona\/acollida-i-acompanyament\/emergencia-terremoto-en-marruecos-e-inundaciones-en-libia\/"},"modified":"2024-01-26T14:33:34","modified_gmt":"2024-01-26T13:33:34","slug":"emergencia-franja-gaza","status":"publish","type":"post","link":"https:\/\/blog.caritas.barcelona\/es\/acogida-y-acompanamiento\/emergencia-franja-gaza\/","title":{"rendered":"EMERGENCIA: Ayuda humanitaria en la Franja de Gaza"},"content":{"rendered":"<p>C\u00e1ritas trabaja para prestar atenci\u00f3n en salud primaria, apoyo psicosocial y salud mental y coordinar\u00e1 la entrega de efectivo a las familias m\u00e1s vulnerables para la cobertura de necesidades b\u00e1sicas<\/p>\n<p><img loading=\"lazy\" decoding=\"async\" class=\"wp-image-13582 aligncenter\" src=\"https:\/\/blog.caritas.barcelona\/wp-content\/uploads\/sites\/2\/2023\/09\/Circular6_\u00a9Caritas_Jerusalen.jpg\" alt=\"Guerra a Terra Santa\" width=\"652\" height=\"434\" srcset=\"https:\/\/blog.caritas.barcelona\/wp-content\/uploads\/sites\/2\/2023\/09\/Circular6_\u00a9Caritas_Jerusalen.jpg 1280w, https:\/\/blog.caritas.barcelona\/wp-content\/uploads\/sites\/2\/2023\/09\/Circular6_\u00a9Caritas_Jerusalen-300x200.jpg 300w, https:\/\/blog.caritas.barcelona\/wp-content\/uploads\/sites\/2\/2023\/09\/Circular6_\u00a9Caritas_Jerusalen-1024x682.jpg 1024w, https:\/\/blog.caritas.barcelona\/wp-content\/uploads\/sites\/2\/2023\/09\/Circular6_\u00a9Caritas_Jerusalen-768x511.jpg 768w\" sizes=\"auto, (max-width: 652px) 100vw, 652px\" \/><\/p>\n<p><span class=\"jCAhz ChMk0b\"><span class=\"ryNqvb\">C\u00e1ritas Jerusal\u00e9n ha hecho un llamamiento de emergencia para conseguir ayuda humanitaria en la Franja de Gaza.<\/span><\/span> <span class=\"jCAhz ChMk0b\"><span class=\"ryNqvb\">Esta solicitud de apoyo fue activada el pasado 4 de enero a trav\u00e9s de C\u00e1ritas Internationalis para asistir a la poblaci\u00f3n de esta zona, y poder acompa\u00f1ar tambi\u00e9n a familias de Cisjordania afectadas por el agravamiento de su situaci\u00f3n econ\u00f3mica y social como<\/span><\/span> <span class=\"jCAhz ChMk0b\"><span class=\"ryNqvb\">consecuencia del conflicto.<\/span><\/span> <span class=\"jCAhz ChMk0b\"><span class=\"ryNqvb\">Por eso, C\u00e1ritas Espa\u00f1ola realizar\u00e1 un primer env\u00edo de 250.000 euros.<\/span><\/span> <strong><span class=\"jCAhz ChMk0b\"><span class=\"ryNqvb\">Su objetivo es prestar asistencia m\u00e9dica primaria y ofrecer apoyo econ\u00f3mico a trav\u00e9s de la entrega de dinero en efectivo a las familias atrapadas en la Franja de Gaza.<\/span><\/span> <\/strong><\/p>\n<p><span class=\"jCAhz ChMk0b\"><span class=\"ryNqvb\">\u201cC\u00e1ritas Jerusal\u00e9n ha requerido ahora el apoyo de la red de C\u00e1ritas nacionales y en concreto de C\u00e1ritas Espa\u00f1ola porque sus equipos se encuentran m\u00e1s seguros, la log\u00edstica de las operaciones est\u00e1 m\u00e1s consolidada y, en consecuencia, se dispone de mayor capacidad para llevar a<\/span><\/span> cabo <span class=\"jCAhz ChMk0b\"><span class=\"ryNqvb\">una asistencia a m\u00e1s escala\u201d, explica Pablo Reyero, coordinador de Oriente Medio en el \u00e1rea de Cooperaci\u00f3n Internacional de C\u00e1ritas Espa\u00f1ola.<\/span><\/span><\/p>\n<p><strong><span class=\"jCAhz ChMk0b\"><span class=\"ryNqvb\">Gran llamamiento de emergencia<\/span><\/span> <\/strong><\/p>\n<p><span class=\"jCAhz ChMk0b\"><span class=\"ryNqvb\">El llamamiento de emergencia solicitado por C\u00e1ritas Jerusal\u00e9n y activado por C\u00e1ritas Internationalis tiene un presupuesto total de 2,95 millones de euros.<\/span><\/span> <span class=\"jCAhz ChMk0b\"><span class=\"ryNqvb\">El plazo de ejecuci\u00f3n ser\u00e1 de un a\u00f1o y <strong>el n\u00famero estimado de beneficiarios directos alcanzar\u00e1 las 23.275 personas y los 35.720 beneficiarios indirectos<\/strong>.<\/span><\/span> <span class=\"jCAhz ChMk0b\"><span class=\"ryNqvb\">\u201cLos equipos en Gaza dar\u00e1n atenci\u00f3n a salud primaria, soporte psicosocial y salud mental, y coordinar\u00e1n la entrega de efectivo a las familias m\u00e1s vulnerables para la cobertura de necesidades b\u00e1sicas.<\/span><\/span> <span class=\"jCAhz ChMk0b\"><span class=\"ryNqvb\">Paralelamente <strong>se trabajar\u00e1 para rehabilitar el centro m\u00e9dico de C\u00e1ritas en la ciudad de Gaza<\/strong>, hoy muy da\u00f1ado por los bombardeos, y ponerlo en funcionamiento lo antes posible.<\/span><\/span> <span class=\"jCAhz ChMk0b\"><span class=\"ryNqvb\"><strong>En Cisjordania el apoyo ser\u00e1 en forma de transferencias de efectivo para que las familias m\u00e1s vulnerables puedan cubrir los gastos en alimentaci\u00f3n, alquileres o adquirir otros art\u00edculos de primera necesidad<\/strong>\u201d, explica Pablo Reyero.<\/span><\/span><\/p>\n<p><span class=\"jCAhz ChMk0b\"><span class=\"ryNqvb\">Seg\u00fan el \u00faltimo informe de situaci\u00f3n facilitado por Caritas Internationalis, las muertes de civiles siguen aumentando a diario y la falta de acceso a alimentos, agua potable y tratamiento m\u00e9dico est\u00e1 poniendo a la poblaci\u00f3n civil en una situaci\u00f3n de riesgo a\u00fan mayor.<\/span><\/span> <span class=\"jCAhz ChMk0b\"><span class=\"ryNqvb\">Adem\u00e1s, el 85% de la poblaci\u00f3n ha sido expulsada de su casa, m\u00e1s del 60% de las viviendas han quedado destruidas o da\u00f1adas y las escuelas se han visto obligadas a cerrar.<\/span><\/span> <span class=\"jCAhz ChMk0b\"><span class=\"ryNqvb\">&#8220;Somos conscientes de que, por desgracia, la crisis humanitaria no desaparecer\u00e1 a corto plazo, por lo que seguiremos apoyando mientras podamos, en la medida en que la Confederaci\u00f3n nos lo indique y mientras C\u00e1ritas Jerusal\u00e9n nos lo solicite&#8221;, explica Pablo Reyero.<\/span><\/span><\/p>\n<p><strong><span class=\"jCAhz ChMk0b\"><span class=\"ryNqvb\">Un llamamiento al alto el fuego<\/span><\/span> <\/strong><\/p>\n<p><span class=\"jCAhz ChMk0b\"><span class=\"ryNqvb\">Ante el enorme sufrimiento vivido en estos m\u00e1s de 100 d\u00edas de contienda, <strong>C\u00e1ritas insta una vez m\u00e1s al alto al fuego, a\u00f1adi\u00e9ndose a la constante llamada de paz del Papa Francisco<\/strong> y de C\u00e1ritas Internationalis.<\/span><\/span> <span class=\"jCAhz ChMk0b\"><span class=\"ryNqvb\">C\u00e1ritas Espa\u00f1ola colabora con C\u00e1ritas Jerusal\u00e9n desde hace m\u00e1s de dos d\u00e9cadas.<\/span><\/span> <span class=\"jCAhz ChMk0b\"><span class=\"ryNqvb\">Este trabajo conjunto busca mitigar el sufrimiento en Tierra Santa y dar respuesta a las personas en situaci\u00f3n de vulnerabilidad.<\/span><\/span> <span class=\"jCAhz ChMk0b\"><span class=\"ryNqvb\">Las actuaciones de cooperaci\u00f3n fraterna se dan en el marco de la confederaci\u00f3n internacional de C\u00e1ritas.<\/span><\/span> <span class=\"jCAhz ChMk0b\"><span class=\"ryNqvb\">A trav\u00e9s de esta colaboraci\u00f3n, se han desarrollado programas de atenci\u00f3n a la salud, asistencia psicosocial, seguridad alimenticia y promoci\u00f3n de medios de vida.<\/span><\/span><\/p>\n<p><strong>\u00bfC\u00f3mo puedo ayudar?<\/strong><\/p>\n<p>C\u00e1ritas Diocesana de Barcelona ha habilitado un n\u00famero de cuenta y Bizum para ayudar a los dos pa\u00edses afectados:<\/p>\n<p>Transferencia bancaria: <strong>ES82 2100 5000 5902 0012 8131<\/strong><\/p>\n<p>Bizum: <strong>05063<\/strong><\/p>\n<p>Tel\u00e9fono: <strong>93 112 70 10<\/strong><\/p>\n<p><strong>Si haces una transferencia o Bizum env\u00edanos tus datos personales y el comprobante de la transferencia a <a href=\"mailto:atenciodonant@caritas.barcelona\">atenciodonant@caritas.barcelona<\/a><\/strong><\/p>\n","protected":false},"excerpt":{"rendered":"<p>C\u00e1ritas trabaja para prestar atenci\u00f3n en salud primaria, apoyo psicosocial y salud mental y coordinar\u00e1 la entrega de efectivo a las familias m\u00e1s vulnerables para la cobertura de necesidades b\u00e1sicas C\u00e1ritas Jerusal\u00e9n ha hecho un llamamiento de emergencia para conseguir ayuda humanitaria en la Franja de Gaza. Esta solicitud de apoyo fue activada el pasado [&hellip;]<\/p>\n","protected":false},"author":4,"featured_media":13582,"comment_status":"closed","ping_status":"closed","sticky":false,"template":"","format":"standard","meta":{"footnotes":""},"categories":[31],"tags":[],"autor":[36],"class_list":["post-13578","post","type-post","status-publish","format-standard","has-post-thumbnail","hentry","category-acogida-y-acompanamiento","autor-caritas-diocesana-de-barcelona-es"],"aioseo_notices":[],"_links":{"self":[{"href":"https:\/\/blog.caritas.barcelona\/es\/wp-json\/wp\/v2\/posts\/13578","targetHints":{"allow":["GET"]}}],"collection":[{"href":"https:\/\/blog.caritas.barcelona\/es\/wp-json\/wp\/v2\/posts"}],"about":[{"href":"https:\/\/blog.caritas.barcelona\/es\/wp-json\/wp\/v2\/types\/post"}],"author":[{"embeddable":true,"href":"https:\/\/blog.caritas.barcelona\/es\/wp-json\/wp\/v2\/users\/4"}],"replies":[{"embeddable":true,"href":"https:\/\/blog.caritas.barcelona\/es\/wp-json\/wp\/v2\/comments?post=13578"}],"version-history":[{"count":4,"href":"https:\/\/blog.caritas.barcelona\/es\/wp-json\/wp\/v2\/posts\/13578\/revisions"}],"predecessor-version":[{"id":13592,"href":"https:\/\/blog.caritas.barcelona\/es\/wp-json\/wp\/v2\/posts\/13578\/revisions\/13592"}],"wp:featuredmedia":[{"embeddable":true,"href":"https:\/\/blog.caritas.barcelona\/es\/wp-json\/wp\/v2\/media\/13582"}],"wp:attachment":[{"href":"https:\/\/blog.caritas.barcelona\/es\/wp-json\/wp\/v2\/media?parent=13578"}],"wp:term":[{"taxonomy":"category","embeddable":true,"href":"https:\/\/blog.caritas.barcelona\/es\/wp-json\/wp\/v2\/categories?post=13578"},{"taxonomy":"post_tag","embeddable":true,"href":"https:\/\/blog.caritas.barcelona\/es\/wp-json\/wp\/v2\/tags?post=13578"},{"taxonomy":"autor","embeddable":true,"href":"https:\/\/blog.caritas.barcelona\/es\/wp-json\/wp\/v2\/autor?post=13578"}],"curies":[{"name":"wp","href":"https:\/\/api.w.org\/{rel}","templated":true}]}}