{"id":13498,"date":"2023-12-15T13:21:42","date_gmt":"2023-12-15T12:21:42","guid":{"rendered":"https:\/\/blog.caritas.barcelona\/?p=13498"},"modified":"2023-12-15T14:03:18","modified_gmt":"2023-12-15T13:03:18","slug":"caritas-barcelona-cobrar-las-prestaciones-de-ingresos-minimos-no-es-garantia-para-salir-de-la-pobreza-y-la-exclusion","status":"publish","type":"post","link":"https:\/\/blog.caritas.barcelona\/es\/institucional-es\/caritas-barcelona-cobrar-las-prestaciones-de-ingresos-minimos-no-es-garantia-para-salir-de-la-pobreza-y-la-exclusion\/","title":{"rendered":"Cobrar las prestaciones de ingresos m\u00ednimos no es garant\u00eda para salir de la pobreza y la exclusi\u00f3n"},"content":{"rendered":"<p>C\u00e1ritas propone armonizar el IMV y la RGC, delegando la gesti\u00f3n en la Generalitat de Catalunya, que las prestaciones lleguen a los colectivos que actualmente quedan fuera, que la cuant\u00eda sea superior, que se adapten a la realidad actual del mercado laboral, contemplen el coste de la vivienda y sean complementarias a una prestaci\u00f3n universal por crianza<\/p>\n<p><img loading=\"lazy\" decoding=\"async\" class=\"alignleft size-full wp-image-13487\" src=\"https:\/\/blog.caritas.barcelona\/wp-content\/uploads\/sites\/2\/2023\/12\/20231215_RdP_CARITAS_BCN_NADAL_RGC_IMV-3-scaled.jpg\" alt=\"\" width=\"1620\" height=\"1080\" \/><\/p>\n<p>En presencia del Cardenal Juan Jos\u00e9 Omella, Arzobispo de Barcelona y presidente de C\u00e1ritas Barcelona, la entidad ha presentado el informe <a href=\"https:\/\/caritas.barcelona\/publicacio\/una-ajuda-que-no-arriba\/\"><em>Una ajuda que no arriba. Limitacions i reptes en el disseny i implementaci\u00f3 de les prestacions de garantia d\u2019ingressos m\u00ednims<\/em>.<\/a> <strong>El informe se ha elaborado para conocer la situaci\u00f3n de las personas que cobran la Renta Garantizada de Ciudadan\u00eda o el Ingreso M\u00ednimo Vital y que son atendidas por C\u00e1ritas, recogiendo su vivencia personal sobre las limitaciones actuales del sistema de ingresos m\u00ednimos.<\/strong><\/p>\n<p>La responsable del Observatorio de la Realidad Social de C\u00e1ritas Barcelona, Miriam Feu, ha presentado las principales conclusiones del estudio. En primer lugar, ha explicado que estas prestaciones tienen una baja cobertura y no llegan a todas las personas que las necesitan. <strong>\u201cLa mayor\u00eda desconoc\u00edan que ten\u00edan derecho a acceder al IMV o la RGC, y necesitaron el asesoramiento de C\u00e1ritas para poder tramitarlas\u201d<\/strong>. Tambi\u00e9n se ha puesto de manifiesto la elevada complejidad que existe a la hora de pedirlas, as\u00ed como las dificultades para conseguir los papeles solicitados o para rellenar los formularios online. \u201cMuchas de las personas que acompa\u00f1amos desde C\u00e1ritas no est\u00e1n familiarizadas con las gestiones telem\u00e1ticas, y por eso querr\u00edan poder hacer estas gestiones de forma presencial\u201d. En la mayor\u00eda de los casos, el excesivo tiempo de espera en la respuesta de la administraci\u00f3n hace que las personas se desanimen<strong>, llegando a generar situaciones de angustia y frustraci\u00f3n.<\/strong><\/p>\n<p><img loading=\"lazy\" decoding=\"async\" class=\"alignleft size-full wp-image-13500\" src=\"https:\/\/blog.caritas.barcelona\/wp-content\/uploads\/sites\/2\/2023\/12\/WhatsApp-Image-2023-12-15-at-09.58.17-1.jpeg\" alt=\"\" width=\"1599\" height=\"1066\" srcset=\"https:\/\/blog.caritas.barcelona\/wp-content\/uploads\/sites\/2\/2023\/12\/WhatsApp-Image-2023-12-15-at-09.58.17-1.jpeg 1599w, https:\/\/blog.caritas.barcelona\/wp-content\/uploads\/sites\/2\/2023\/12\/WhatsApp-Image-2023-12-15-at-09.58.17-1-300x200.jpeg 300w, https:\/\/blog.caritas.barcelona\/wp-content\/uploads\/sites\/2\/2023\/12\/WhatsApp-Image-2023-12-15-at-09.58.17-1-1024x683.jpeg 1024w, https:\/\/blog.caritas.barcelona\/wp-content\/uploads\/sites\/2\/2023\/12\/WhatsApp-Image-2023-12-15-at-09.58.17-1-768x512.jpeg 768w, https:\/\/blog.caritas.barcelona\/wp-content\/uploads\/sites\/2\/2023\/12\/WhatsApp-Image-2023-12-15-at-09.58.17-1-1536x1024.jpeg 1536w\" sizes=\"auto, (max-width: 1599px) 100vw, 1599px\" \/>\u201cLas prestaciones tienen una capacidad muy limitada para sacar de la pobreza y la exclusi\u00f3n. Muy a menudo, no permiten cubrir las necesidades b\u00e1sicas, y en el caso de Barcelona dif\u00edcilmente sirven para pagar la totalidad del coste del alquiler\u201d, ha advertido Eduard Sala, director de C\u00e1ritas Barcelona. Para ilustrarlo, Sala ha puesto de ejemplo la RGC, indicando que <strong>s\u00f3lo cubre el 35,8% de lo que necesita una familia de dos adultos y dos o m\u00e1s ni\u00f1os en Barcelona para vivir dignamente.<\/strong><\/p>\n<p><strong>\u201cSi nos centramos s\u00f3lo en el gasto de la vivienda, una persona sola necesitar\u00eda el 154% del importe de la RGC para alcanzar el alquiler medio de Barcelona\u201d<\/strong>. En este sentido, el director de C\u00e1ritas ha destacado que <strong>el 60% de los hogares en Catalunya en pobreza severa quedan excluidos de estas prestaciones, y que s\u00f3lo un 8,2% de las familias atendidas por las diez C\u00e1ritas con sede en Catalunya perciben la Renta Garantizada de Ciudadan\u00eda (RGC) o el Ingreso M\u00ednimo Vital (IMV).<\/strong> <strong>\u201cLas prestaciones simbolizan un autob\u00fas. Si puedes subir, tienes derecho a percibirlas, pero hay muchas personas a las que no las dejan subir.\u00a0<\/strong><strong>C\u00e1ritas somos el coche de apoyo que las recoge, que las acompa\u00f1a cuando la administraci\u00f3n no da respuesta\u201d, ha explicado Sala.<\/strong><\/p>\n<p><img loading=\"lazy\" decoding=\"async\" class=\"alignleft size-full wp-image-13493\" src=\"https:\/\/blog.caritas.barcelona\/wp-content\/uploads\/sites\/2\/2023\/12\/20231215_RdP_CARITAS_BCN_NADAL_RGC_IMV-6-1-scaled.jpg\" alt=\"\" width=\"1620\" height=\"1080\" srcset=\"https:\/\/blog.caritas.barcelona\/wp-content\/uploads\/sites\/2\/2023\/12\/20231215_RdP_CARITAS_BCN_NADAL_RGC_IMV-6-1-scaled.jpg 1620w, https:\/\/blog.caritas.barcelona\/wp-content\/uploads\/sites\/2\/2023\/12\/20231215_RdP_CARITAS_BCN_NADAL_RGC_IMV-6-1-300x200.jpg 300w, https:\/\/blog.caritas.barcelona\/wp-content\/uploads\/sites\/2\/2023\/12\/20231215_RdP_CARITAS_BCN_NADAL_RGC_IMV-6-1-1024x683.jpg 1024w, https:\/\/blog.caritas.barcelona\/wp-content\/uploads\/sites\/2\/2023\/12\/20231215_RdP_CARITAS_BCN_NADAL_RGC_IMV-6-1-768x512.jpg 768w, https:\/\/blog.caritas.barcelona\/wp-content\/uploads\/sites\/2\/2023\/12\/20231215_RdP_CARITAS_BCN_NADAL_RGC_IMV-6-1-1536x1024.jpg 1536w, https:\/\/blog.caritas.barcelona\/wp-content\/uploads\/sites\/2\/2023\/12\/20231215_RdP_CARITAS_BCN_NADAL_RGC_IMV-6-1-2048x1365.jpg 2048w\" sizes=\"auto, (max-width: 1620px) 100vw, 1620px\" \/>En cuanto a las propuestas, <strong>C\u00e1ritas ha pedido armonizar el IMV y la RGC, delegando la gesti\u00f3n en la Generalitat de Catalunya e implementado la ventanilla \u00fanica. Tambi\u00e9n que las prestaciones lleguen a los colectivos que quedan fuera, que la cuant\u00eda sea superior, que se implemente el incentivo al trabajo y el mecanismo de reincorporaci\u00f3n autom\u00e1tico, as\u00ed como nuevos complementos en funci\u00f3n del territorio en el que se vive. Por \u00faltimo, se ha pedido una prestaci\u00f3n universal de ayuda a la crianza<\/strong>, as\u00ed como una pol\u00edtica que garantice el acceso y el mantenimiento de una vivienda digna.<\/p>\n<h2><strong>Una Navidad llena de peque\u00f1os milagros<\/strong><\/h2>\n<p>Juan Jos\u00e9 Omella, Cardenal Arzobispo de Barcelona y Presidente de C\u00e1ritas Diocesana de Barcelona, ha pedido no apartar la mirada de la pobreza, poniendo el foco en las familias que son cada vez m\u00e1s pobres debido al aumento de los costes de vida. Omella tambi\u00e9n ha incidido en la <strong>necesidad de un compromiso pol\u00edtico y legislativo serio y eficaz. \u201cEs necesario que las instituciones p\u00fablicas cumplan con su deber. Ayudas como el Ingreso M\u00ednimo Vital o la Renta Garantizada de Ciudadan\u00eda deben servir para que las personas salgan de su situaci\u00f3n de pobreza, y que puedan ser m\u00e1s accesibles para todos aquellos que las necesitan<\/strong>\u201d.<\/p>\n<p><img loading=\"lazy\" decoding=\"async\" class=\"alignleft size-full wp-image-13495\" src=\"https:\/\/blog.caritas.barcelona\/wp-content\/uploads\/sites\/2\/2023\/12\/20231215_RdP_CARITAS_BCN_NADAL_RGC_IMV-9-scaled.jpg\" alt=\"\" width=\"1620\" height=\"1080\" srcset=\"https:\/\/blog.caritas.barcelona\/wp-content\/uploads\/sites\/2\/2023\/12\/20231215_RdP_CARITAS_BCN_NADAL_RGC_IMV-9-scaled.jpg 1620w, https:\/\/blog.caritas.barcelona\/wp-content\/uploads\/sites\/2\/2023\/12\/20231215_RdP_CARITAS_BCN_NADAL_RGC_IMV-9-300x200.jpg 300w, https:\/\/blog.caritas.barcelona\/wp-content\/uploads\/sites\/2\/2023\/12\/20231215_RdP_CARITAS_BCN_NADAL_RGC_IMV-9-1024x683.jpg 1024w, https:\/\/blog.caritas.barcelona\/wp-content\/uploads\/sites\/2\/2023\/12\/20231215_RdP_CARITAS_BCN_NADAL_RGC_IMV-9-768x512.jpg 768w, https:\/\/blog.caritas.barcelona\/wp-content\/uploads\/sites\/2\/2023\/12\/20231215_RdP_CARITAS_BCN_NADAL_RGC_IMV-9-1536x1024.jpg 1536w, https:\/\/blog.caritas.barcelona\/wp-content\/uploads\/sites\/2\/2023\/12\/20231215_RdP_CARITAS_BCN_NADAL_RGC_IMV-9-2048x1365.jpg 2048w\" sizes=\"auto, (max-width: 1620px) 100vw, 1620px\" \/>Por \u00faltimo, ha querido hacer valer el trabajo de C\u00e1ritas, explicando que, gracias a la labor de la entidad, son posibles los peque\u00f1os milagros, haciendo referencia al lema de la campa\u00f1a de C\u00e1ritas <a href=\"https:\/\/campanyes.caritas.barcelona\/es\/navidad-pequenos-milagros\/\">\u201cHaz que esta Navidad se llene de peque\u00f1os milagros\u201d<\/a>. \u201c<strong>No llega lo que no se da<\/strong>, y por tanto quiero dar las gracias a los socios, donantes, parrocos, empresas, personas voluntarias o personal contratado que dan, y que hacen que estos milagros se hagan realidad. <strong>Animo a toda la sociedad a hacer un peque\u00f1o milagro, un peque\u00f1o gesto, a favor de alguien de su alrededor que est\u00e9 pasando dificultades. S\u00f3lo as\u00ed podremos construir una sociedad m\u00e1s fraterna y solidaria\u201d<\/strong>. C\u00e1ritas ha recordado que el pr\u00f3ximo domingo 17 de diciembre se realizar\u00e1 la colecta extraordinaria en todas las parroquias de la di\u00f3cesis de Barcelona en favor de C\u00e1ritas.<\/p>\n","protected":false},"excerpt":{"rendered":"<p>C\u00e1ritas propone armonizar el IMV y la RGC, delegando la gesti\u00f3n en la Generalitat de Catalunya, que las prestaciones lleguen a los colectivos que actualmente quedan fuera, que la cuant\u00eda sea superior, que se adapten a la realidad actual del mercado laboral, contemplen el coste de la vivienda y sean complementarias a una prestaci\u00f3n universal [&hellip;]<\/p>\n","protected":false},"author":4,"featured_media":13488,"comment_status":"closed","ping_status":"closed","sticky":false,"template":"","format":"standard","meta":{"footnotes":""},"categories":[2057,21],"tags":[1224,2219,949,2218],"autor":[36,1212],"class_list":["post-13498","post","type-post","status-publish","format-standard","has-post-thumbnail","hentry","category-observatorio-de-la-realidad","category-institucional-es","tag-caritas-es","tag-ingreso-minimo-vital","tag-navidad","tag-renta-garantizada","autor-caritas-diocesana-de-barcelona-es","autor-jordi-julia-es"],"aioseo_notices":[],"_links":{"self":[{"href":"https:\/\/blog.caritas.barcelona\/es\/wp-json\/wp\/v2\/posts\/13498","targetHints":{"allow":["GET"]}}],"collection":[{"href":"https:\/\/blog.caritas.barcelona\/es\/wp-json\/wp\/v2\/posts"}],"about":[{"href":"https:\/\/blog.caritas.barcelona\/es\/wp-json\/wp\/v2\/types\/post"}],"author":[{"embeddable":true,"href":"https:\/\/blog.caritas.barcelona\/es\/wp-json\/wp\/v2\/users\/4"}],"replies":[{"embeddable":true,"href":"https:\/\/blog.caritas.barcelona\/es\/wp-json\/wp\/v2\/comments?post=13498"}],"version-history":[{"count":6,"href":"https:\/\/blog.caritas.barcelona\/es\/wp-json\/wp\/v2\/posts\/13498\/revisions"}],"predecessor-version":[{"id":13511,"href":"https:\/\/blog.caritas.barcelona\/es\/wp-json\/wp\/v2\/posts\/13498\/revisions\/13511"}],"wp:featuredmedia":[{"embeddable":true,"href":"https:\/\/blog.caritas.barcelona\/es\/wp-json\/wp\/v2\/media\/13488"}],"wp:attachment":[{"href":"https:\/\/blog.caritas.barcelona\/es\/wp-json\/wp\/v2\/media?parent=13498"}],"wp:term":[{"taxonomy":"category","embeddable":true,"href":"https:\/\/blog.caritas.barcelona\/es\/wp-json\/wp\/v2\/categories?post=13498"},{"taxonomy":"post_tag","embeddable":true,"href":"https:\/\/blog.caritas.barcelona\/es\/wp-json\/wp\/v2\/tags?post=13498"},{"taxonomy":"autor","embeddable":true,"href":"https:\/\/blog.caritas.barcelona\/es\/wp-json\/wp\/v2\/autor?post=13498"}],"curies":[{"name":"wp","href":"https:\/\/api.w.org\/{rel}","templated":true}]}}