{"id":13444,"date":"2023-11-28T10:15:09","date_gmt":"2023-11-28T09:15:09","guid":{"rendered":"https:\/\/blog.caritas.barcelona\/?p=13444"},"modified":"2023-11-30T10:12:12","modified_gmt":"2023-11-30T09:12:12","slug":"sense-donar-lesquena","status":"publish","type":"post","link":"https:\/\/blog.caritas.barcelona\/es\/opinion\/sense-donar-lesquena\/","title":{"rendered":"Sin dar la espalda"},"content":{"rendered":"<p>Este a\u00f1o, la campa\u00f1a de personas sin hogar 2023 ha girado en torno a un elemento tan importante como es la red, hacer y compartir red, con el objetivo de que nadie quede fuera, sin cobertura.<\/p>\n<p><img loading=\"lazy\" decoding=\"async\" class=\"alignleft size-full wp-image-13440\" src=\"https:\/\/blog.caritas.barcelona\/wp-content\/uploads\/sites\/2\/2023\/11\/20231122_ACTE_CARRER_SENSELLARISME-8-scaled.jpg\" alt=\"\" width=\"1620\" height=\"1080\" srcset=\"https:\/\/blog.caritas.barcelona\/wp-content\/uploads\/sites\/2\/2023\/11\/20231122_ACTE_CARRER_SENSELLARISME-8-scaled.jpg 1620w, https:\/\/blog.caritas.barcelona\/wp-content\/uploads\/sites\/2\/2023\/11\/20231122_ACTE_CARRER_SENSELLARISME-8-300x200.jpg 300w, https:\/\/blog.caritas.barcelona\/wp-content\/uploads\/sites\/2\/2023\/11\/20231122_ACTE_CARRER_SENSELLARISME-8-1024x683.jpg 1024w, https:\/\/blog.caritas.barcelona\/wp-content\/uploads\/sites\/2\/2023\/11\/20231122_ACTE_CARRER_SENSELLARISME-8-768x512.jpg 768w, https:\/\/blog.caritas.barcelona\/wp-content\/uploads\/sites\/2\/2023\/11\/20231122_ACTE_CARRER_SENSELLARISME-8-1536x1024.jpg 1536w, https:\/\/blog.caritas.barcelona\/wp-content\/uploads\/sites\/2\/2023\/11\/20231122_ACTE_CARRER_SENSELLARISME-8-2048x1365.jpg 2048w\" sizes=\"auto, (max-width: 1620px) 100vw, 1620px\" \/><\/p>\n<p>En estos momentos de hiper conectividad, donde las distancias pretenden ser m\u00e1s cortas, pero en las que cada vez hay m\u00e1s soledad, es imprescindible no olvidarse de las personas con menos oportunidades o que quedan en los m\u00e1rgenes de la sociedad. Ya no s\u00f3lo se trata de hacer menci\u00f3n y afrontar la brecha digital, sino que va mucho m\u00e1s all\u00e1. En esta ocasi\u00f3n, podemos realizar un s\u00edmil con la situaci\u00f3n que vivimos en los primeros meses de pandemia. Por entonces, las consignas llamaban a quedarse en casa y nos esperanzaban con un insistente lema que afirmaba que todo ir\u00eda bien. Desgraciadamente, con las personas sin hogar, ni lo uno ni lo otro.<\/p>\n<p>M\u00e1s que nunca, <strong>es importante tener presente a las personas que est\u00e1n m\u00e1s desconectadas y sin v\u00ednculos relacionales que les proporcionen apoyo, provocando un aislamiento que las hace invisibles y sin posibilidad de salir de este c\u00edrculo de pobreza y exclusi\u00f3n social.<\/strong> Hablamos de una realidad que se acent\u00faa en el caso de los j\u00f3venes y nos interpela a reflexionar sobre un fen\u00f3meno, el sinhogarismo juvenil, que cada vez es m\u00e1s visible y que seg\u00fan todos los datos va en aumento, pero tambi\u00e9n hablamos de una realidad traum\u00e1tica y dolorosa que se hace m\u00e1s dura y agresiva en el caso de mujeres que la padecen. Hablamos tambi\u00e9n de la necesidad de acompa\u00f1ar, acompa\u00f1ar a procesos humanos que son lentos, que deben superar dificultades notables y heridas profundas que no se curan de un d\u00eda para otro, procesos humanos que tienen avances y retrocesos. Es en esta realidad donde es necesario poner la mirada y ser m\u00e1s comprensivo, para transformar lo que pone el freno, en un impulso por avanzar.<\/p>\n<p>Por todo ello, <strong>es necesario recuperar la conexi\u00f3n de la sociedad con las personas m\u00e1s vulnerables, dando visibilidad, apoyo e integrando a quienes est\u00e1n y se sienten fuera de todo, no estigmatizando y ofreciendo nuevas oportunidades.<\/strong> Vivir conectado nos salva porque en alg\u00fan momento, todos nos necesitamos a los dem\u00e1s y nada mejor que <strong>una red social de apoyo, bien fuerte y cohesionada, que los mire y los escuche, que reclame y vele por sus derechos, por su protecci\u00f3n y por su dignidad.<\/strong><\/p>\n","protected":false},"excerpt":{"rendered":"<p>Este a\u00f1o, la campa\u00f1a de personas sin hogar 2023 ha girado en torno a un elemento tan importante como es la red, hacer y compartir red, con el objetivo de que nadie quede fuera, sin cobertura. En estos momentos de hiper conectividad, donde las distancias pretenden ser m\u00e1s cortas, pero en las que cada vez [&hellip;]<\/p>\n","protected":false},"author":4,"featured_media":13441,"comment_status":"closed","ping_status":"closed","sticky":false,"template":"","format":"standard","meta":{"footnotes":""},"categories":[24,19],"tags":[],"autor":[2065],"class_list":["post-13444","post","type-post","status-publish","format-standard","has-post-thumbnail","hentry","category-sin-hogar-y-vivienda","category-opinion","autor-david-vazquez-es"],"aioseo_notices":[],"_links":{"self":[{"href":"https:\/\/blog.caritas.barcelona\/es\/wp-json\/wp\/v2\/posts\/13444","targetHints":{"allow":["GET"]}}],"collection":[{"href":"https:\/\/blog.caritas.barcelona\/es\/wp-json\/wp\/v2\/posts"}],"about":[{"href":"https:\/\/blog.caritas.barcelona\/es\/wp-json\/wp\/v2\/types\/post"}],"author":[{"embeddable":true,"href":"https:\/\/blog.caritas.barcelona\/es\/wp-json\/wp\/v2\/users\/4"}],"replies":[{"embeddable":true,"href":"https:\/\/blog.caritas.barcelona\/es\/wp-json\/wp\/v2\/comments?post=13444"}],"version-history":[{"count":2,"href":"https:\/\/blog.caritas.barcelona\/es\/wp-json\/wp\/v2\/posts\/13444\/revisions"}],"predecessor-version":[{"id":13446,"href":"https:\/\/blog.caritas.barcelona\/es\/wp-json\/wp\/v2\/posts\/13444\/revisions\/13446"}],"wp:featuredmedia":[{"embeddable":true,"href":"https:\/\/blog.caritas.barcelona\/es\/wp-json\/wp\/v2\/media\/13441"}],"wp:attachment":[{"href":"https:\/\/blog.caritas.barcelona\/es\/wp-json\/wp\/v2\/media?parent=13444"}],"wp:term":[{"taxonomy":"category","embeddable":true,"href":"https:\/\/blog.caritas.barcelona\/es\/wp-json\/wp\/v2\/categories?post=13444"},{"taxonomy":"post_tag","embeddable":true,"href":"https:\/\/blog.caritas.barcelona\/es\/wp-json\/wp\/v2\/tags?post=13444"},{"taxonomy":"autor","embeddable":true,"href":"https:\/\/blog.caritas.barcelona\/es\/wp-json\/wp\/v2\/autor?post=13444"}],"curies":[{"name":"wp","href":"https:\/\/api.w.org\/{rel}","templated":true}]}}