{"id":13358,"date":"2023-10-31T12:31:30","date_gmt":"2023-10-31T11:31:30","guid":{"rendered":"https:\/\/blog.caritas.barcelona\/?p=13358"},"modified":"2023-10-31T12:33:40","modified_gmt":"2023-10-31T11:33:40","slug":"cuando-haces-voluntariado-te-das-cuenta-del-impacto-social-de-tus-acciones","status":"publish","type":"post","link":"https:\/\/blog.caritas.barcelona\/es\/voluntariado\/cuando-haces-voluntariado-te-das-cuenta-del-impacto-social-de-tus-acciones\/","title":{"rendered":"\u201cCuando haces voluntariado, te das cuenta del impacto social de tus acciones\u201d"},"content":{"rendered":"<p>Son las 10h de la ma\u00f1ana. Seis personas mayores ya est\u00e1n preparadas para salir a realizar una ruta por el mercado del Born de Barcelona. Viven en la residencia de personas mayores Mil\u00b7lenari, una de las muchas residencias en las que C\u00e1ritas lleva a cabo el proyecto Resivol, un servicio de acompa\u00f1amiento a personas mayores.<\/p>\n<p style=\"text-align: center\"><img loading=\"lazy\" decoding=\"async\" class=\"size-full wp-image-13351 aligncenter\" src=\"https:\/\/blog.caritas.barcelona\/wp-content\/uploads\/sites\/2\/2023\/10\/20230721_sortida_gent_gran_boqueria_millenari-28-scaled-e1698750422513.jpg\" alt=\"\" width=\"768\" height=\"512\" \/><\/p>\n<p>Manel Huguet, voluntario y coordinador del proyecto en esta residencia, explica que si C\u00e1ritas no ofreciera este servicio, dif\u00edcilmente estas personas podr\u00edan salir de paseo con tanta frecuencia. Manel es voluntario desde 2011, y se implic\u00f3 en este proyecto cuando conoci\u00f3 la realidad que se vive en muchas residencias. <strong>\u201cMis padres estuvieron en residencias, y durante los a\u00f1os que fui a visitarlos, me di cuenta de que muchas personas estaban solas, y que era importante ofrecer parte de mi tiempo para que tengan a alguien que pueda escucharlas, acompa\u00f1arlas\u201d<\/strong>.<\/p>\n<p><img loading=\"lazy\" decoding=\"async\" class=\"size-full wp-image-13353 aligncenter\" src=\"https:\/\/blog.caritas.barcelona\/wp-content\/uploads\/sites\/2\/2023\/10\/20230721_sortida_gent_gran_boqueria_millenari-35-scaled-e1698750459118.jpg\" alt=\"\" width=\"768\" height=\"477\" \/><\/p>\n<p>En la salida de hoy, asisten dos nuevas voluntarias, J\u00falia y Ol\u00edvia. J\u00falia tiene 20 a\u00f1os y estudia un doble grado de Derecho y Pol\u00edticas en la Universidad Abad Oliba. \u201cHab\u00eda repartido alimentos desde la parroquia, pero es la primera vez que hago un voluntariado de acompa\u00f1amiento a personas mayores\u201d, dice. En su caso, y teniendo en cuenta su inter\u00e9s por la pol\u00edtica, considera que acciones como estas tienen un impacto social real en muchas personas, y que es necesario que la ciudadan\u00eda se implique en iniciativas solidarias. <strong>\u201cLos j\u00f3venes nos pasamos m\u00e1s de cuatro horas al d\u00eda enganchados al m\u00f3vil, y no cuesta nada dedicar un par a la semana a acompa\u00f1ar a una persona que tal vez est\u00e1 sola. C\u00e1ritas es una entidad comprometida y seria, y me gustar\u00eda seguir echando una mano\u201d<\/strong>. En el caso de Ol\u00edvia, la decisi\u00f3n de hacerse voluntaria sali\u00f3 de una conversaci\u00f3n con sus amigos. A pesar de que ahora est\u00e1 cursando segundo de Bachillerato, tiene muy claro que le gustar\u00eda estudiar psiquiatr\u00eda, y que voluntariados como este pueden ayudarle a entender algunos aspectos del campo m\u00e9dico. <strong>\u201cEl voluntariado es importantes para los j\u00f3venes: conectar con la gente mayor, sus historias\u2026 debemos experimentarlo, nos ayuda a crecer como personas\u201d.<\/strong><\/p>\n<p><img loading=\"lazy\" decoding=\"async\" class=\"size-full wp-image-13355 aligncenter\" src=\"https:\/\/blog.caritas.barcelona\/wp-content\/uploads\/sites\/2\/2023\/10\/20230721_sortida_gent_gran_boqueria_millenari-29-scaled-e1698750497840.jpg\" alt=\"\" width=\"768\" height=\"562\" \/><\/p>\n","protected":false},"excerpt":{"rendered":"<p>Son las 10h de la ma\u00f1ana. Seis personas mayores ya est\u00e1n preparadas para salir a realizar una ruta por el mercado del Born de Barcelona. Viven en la residencia de personas mayores Mil\u00b7lenari, una de las muchas residencias en las que C\u00e1ritas lleva a cabo el proyecto Resivol, un servicio de acompa\u00f1amiento a personas mayores. [&hellip;]<\/p>\n","protected":false},"author":4,"featured_media":13356,"comment_status":"closed","ping_status":"closed","sticky":false,"template":"","format":"standard","meta":{"footnotes":""},"categories":[26,23],"tags":[],"autor":[1212],"class_list":["post-13358","post","type-post","status-publish","format-standard","has-post-thumbnail","hentry","category-personas-mayores","category-voluntariado","autor-jordi-julia-es"],"aioseo_notices":[],"_links":{"self":[{"href":"https:\/\/blog.caritas.barcelona\/es\/wp-json\/wp\/v2\/posts\/13358","targetHints":{"allow":["GET"]}}],"collection":[{"href":"https:\/\/blog.caritas.barcelona\/es\/wp-json\/wp\/v2\/posts"}],"about":[{"href":"https:\/\/blog.caritas.barcelona\/es\/wp-json\/wp\/v2\/types\/post"}],"author":[{"embeddable":true,"href":"https:\/\/blog.caritas.barcelona\/es\/wp-json\/wp\/v2\/users\/4"}],"replies":[{"embeddable":true,"href":"https:\/\/blog.caritas.barcelona\/es\/wp-json\/wp\/v2\/comments?post=13358"}],"version-history":[{"count":2,"href":"https:\/\/blog.caritas.barcelona\/es\/wp-json\/wp\/v2\/posts\/13358\/revisions"}],"predecessor-version":[{"id":13362,"href":"https:\/\/blog.caritas.barcelona\/es\/wp-json\/wp\/v2\/posts\/13358\/revisions\/13362"}],"wp:featuredmedia":[{"embeddable":true,"href":"https:\/\/blog.caritas.barcelona\/es\/wp-json\/wp\/v2\/media\/13356"}],"wp:attachment":[{"href":"https:\/\/blog.caritas.barcelona\/es\/wp-json\/wp\/v2\/media?parent=13358"}],"wp:term":[{"taxonomy":"category","embeddable":true,"href":"https:\/\/blog.caritas.barcelona\/es\/wp-json\/wp\/v2\/categories?post=13358"},{"taxonomy":"post_tag","embeddable":true,"href":"https:\/\/blog.caritas.barcelona\/es\/wp-json\/wp\/v2\/tags?post=13358"},{"taxonomy":"autor","embeddable":true,"href":"https:\/\/blog.caritas.barcelona\/es\/wp-json\/wp\/v2\/autor?post=13358"}],"curies":[{"name":"wp","href":"https:\/\/api.w.org\/{rel}","templated":true}]}}