{"id":13220,"date":"2023-10-02T10:00:54","date_gmt":"2023-10-02T08:00:54","guid":{"rendered":"https:\/\/blog.caritas.barcelona\/?p=13220"},"modified":"2023-10-02T10:00:54","modified_gmt":"2023-10-02T08:00:54","slug":"eduard-sala-nuevo-director-de-caritas-diocesana-de-barcelona","status":"publish","type":"post","link":"https:\/\/blog.caritas.barcelona\/es\/institucional-es\/eduard-sala-nuevo-director-de-caritas-diocesana-de-barcelona\/","title":{"rendered":"Eduard Sala, nuevo director de C\u00e1ritas Diocesana de Barcelona"},"content":{"rendered":"<p>Toma el relevo de Salvador Busquets, que ha estado al frente de la entidad durante nueve a\u00f1os (2014-2023)<\/p>\n<p style=\"text-align: center\"><img loading=\"lazy\" decoding=\"async\" class=\"size-full wp-image-13211 aligncenter\" src=\"https:\/\/blog.caritas.barcelona\/wp-content\/uploads\/sites\/2\/2023\/10\/20230929_RODA_DE_PREMSA_CARITAS_BCN_EDUARD_SALA_@DANI_COD-21-scaled-e1696233067223.jpg\" alt=\"\" width=\"768\" height=\"576\" \/><\/p>\n<p>Mons. Juan Jos\u00e9 Omella, presidente de C\u00e1ritas Diocesana de Barcelona y Cardenal Arzobispo de Barcelona, <strong>ha nombrado a Eduard Sala nuevo director de C\u00e1ritas Diocesana de Barcelona.<\/strong><\/p>\n<p>Eduard Sala i Paixau (Barcelona, 1962) es educador social, coach, formador y licenciado en filosof\u00eda y letras. Est\u00e1 casado y padre de un hijo y una hija. Desde 2014 es responsable del \u00c1rea Social de C\u00e1ritas Diocesana de Barcelona. Inici\u00f3 su labor en el mundo social en 1982, primero, como voluntario en C\u00e1ritas y, m\u00e1s tarde, como profesional en la misma entidad y despu\u00e9s como voluntario en otras entidades sociales. Durante m\u00e1s de doce a\u00f1os ha dirigido varios proyectos de la Compa\u00f1\u00eda de las Hijas de la Caridad, destinados a personas en situaci\u00f3n de exclusi\u00f3n social, sin hogar, con drogodependencias, internas en centros penitenciarios o excarceladas. Tambi\u00e9n ha sido el responsable de servicios dirigidos a ni\u00f1os y j\u00f3venes en situaci\u00f3n de riesgo y profesor de la Facultad de Educaci\u00f3n Social y Trabajo Social de la Fundaci\u00f3n Pere Tarr\u00e9s &#8211; URL. En 2019 gan\u00f3 el premio literario <em>Feel Good<\/em> con el libro \u201cVa de vida\u201d (Plataforma Editorial).<\/p>\n<p><img loading=\"lazy\" decoding=\"async\" class=\"size-full wp-image-13213 aligncenter\" src=\"https:\/\/blog.caritas.barcelona\/wp-content\/uploads\/sites\/2\/2023\/10\/20230929_RODA_DE_PREMSA_CARITAS_BCN_EDUARD_SALA_@DANI_COD-19-scaled-e1696233189861.jpg\" alt=\"\" width=\"768\" height=\"576\" \/><\/p>\n<p>Las primeras palabras de Sala han sido de agradecimiento hacia el director saliente, Salvador Busquets, del que ha destacado su tenacidad y lucha en favor de los m\u00e1s d\u00e9biles, y especialmente su convicci\u00f3n en la defensa del derecho a la vivienda, como elemento imprescindible para llevar una vida digna. <strong>&#8220;La falta de vivienda social, sumado al incremento de la demanda y una subida generalizada del precio de los alquileres nos sit\u00faa en un contexto de emergencia grave&#8221;, ha advertido<\/strong>. En este sentido, Sala ha afirmado que cuanto m\u00e1s tiempo pasa sin que las administraciones hagan nada, m\u00e1s aumentan las personas y familias que necesitan un hogar digno. <strong>\u201cCada vez hay m\u00e1s familias que utilizan como estrategia de supervivencia la opci\u00f3n de vivir en una habitaci\u00f3n de realquiler<\/strong>. Esto implica no tener ninguna seguridad jur\u00eddica, y que las puedan echar cuando quieran. Tampoco existe un marco regulador del precio de estas habitaciones y, por tanto, su coste mensual puede llegar a superar el aumento que se est\u00e1 produciendo en el alquiler de viviendas\u201d.<\/p>\n<p>Por otra parte, Sala ha recordado que <strong>1 de cada 3 personas de la di\u00f3cesis de Barcelona vive en situaci\u00f3n de pobreza (seg\u00fan el \u00faltimo informe FOESSA)<\/strong>, y que, frente a este contexto, la sociedad no puede quedarse con los brazos cruzados. \u201c9 de cada 10 familias que atendemos se han visto obligadas a reducir el gasto en alimentaci\u00f3n, el 43% no pueden seguir una dieta adecuada y un 65% han dejado de comprar productos frescos. Cerca de 4.000 hogares que acompa\u00f1amos no pueden pagar los gastos de la vivienda (alquiler o realquiler) o suministros (agua, luz y gas), y 4 de cada 10 nos dicen que han cambiado de domicilio por cuestiones econ\u00f3micas\u201d, ha explicado el nuevo director de C\u00e1ritas.<\/p>\n<p>Por todo ello, Sala ha concluido que la pobreza no ha disminuido en los \u00faltimos a\u00f1os, sino que ha aumentado. \u201cAunque desde los poderes p\u00fablicos se han tomado iniciativas que para algunos colectivos representan mejoras significativas, estas ayudas no han llegado a todo el mundo\u201d. Sala ha denunciado que <strong>pol\u00edticas como el Ingreso M\u00ednimo Vital o la Renta Garantizada de Ciudadan\u00eda solo lleguen al 8,2% de las personas que C\u00e1ritas acompa\u00f1a en el conjunto de Catalunya<\/strong>, y que esto se debe a un <strong>desconocimiento de la ayuda por parte de muchas personas que podr\u00edan solicitarla<\/strong>, a requisitos muy rigurosos para acceder a ella y a una excesiva burocracia a la hora de percibirla. &#8220;No necesitamos nuevas pol\u00edticas, sino desplegar de manera efectiva las que ya tenemos&#8221;, ha argumentado.<\/p>\n<p><img loading=\"lazy\" decoding=\"async\" class=\"size-full wp-image-13215 aligncenter\" src=\"https:\/\/blog.caritas.barcelona\/wp-content\/uploads\/sites\/2\/2023\/10\/20230929_RODA_DE_PREMSA_CARITAS_BCN_EDUARD_SALA_@DANI_COD-scaled-e1696233247792.jpg\" alt=\"\" width=\"768\" height=\"576\" \/><\/p>\n<p>El director saliente de C\u00e1ritas Barcelona, Salvador Busquets, no ha perdido la oportunidad para recordar que estamos inmersos en una crisis inflacionaria que agrava y penaliza la vida de muchas personas. Este contexto provoca que, <strong>durante el 2022, C\u00e1ritas Barcelona atendiera a 16.063 hogares, donde viven 35.414 personas, casi un 30% m\u00e1s de personas con relaci\u00f3n al a\u00f1o anterior. &#8220;Como dijo el Papa Francisco, en la Iglesia cabemos todos, y como en C\u00e1ritas tenemos la misi\u00f3n de trabajar en esta l\u00ednea, acogiendo y acompa\u00f1ando a todas las personas que d\u00eda tras d\u00eda nos piden ayuda&#8221;, ha concluido el nuevo director.<\/strong><\/p>\n<p>Siguiendo las palabras de Sala, Busquets ha querido hacer balance del trabajo realizado, y ha destacado el trabajo de C\u00e1ritas Barcelona en favor de la vivienda. \u201cLa apuesta de mi mandato por garantizar una vivienda digna a las familias m\u00e1s vulnerables ha sido clave durante estos nueve a\u00f1os. C\u00e1ritas Barcelona ofrece <strong>hoy m\u00e1s de 2.000 plazas entre pisos unifamiliares, pisos compartidos y centros residenciales. Esto no ser\u00eda posible sin el trabajo conjunto con la Fundaci\u00f3 Habitatge Social, que cuenta con 397 viviendas unifamiliares para familias vulnerables\u201d, ha remarcado Busquets<\/strong>. En este sentido, ha destacado la capacidad de C\u00e1ritas Barcelona para transformar condiciones de vida, y que no hubiera sido posible sin la colaboraci\u00f3n de otros actores. Concretamente, ha citado el apoyo de la Fundaci\u00f3 Formaci\u00f3 i Treball (FiT) y de la Fundaci\u00f3 Habitatge Social (FFHS). &#8220;Aunque son entidades que ya llevan a\u00f1os de vida propia, ambas fueron promovidas por C\u00e1ritas, y dan respuesta a cuestiones clave como la vivienda (FFHS) y el trabajo (FiT)&#8221;, ha remarcado.<\/p>\n<p>Por \u00faltimo, el obispo auxiliar de Barcelona, Mons. Javier Vilanova ha querido agradecer el trabajo realizado a Salvador Busquets, y ha dado las gracias al nuevo director por tomar el relevo en una entidad como C\u00e1ritas Barcelona. \u201cLos casi 80 a\u00f1os de <strong>historia de C\u00e1ritas en Barcelona no son fruto del trabajo de una \u00fanica persona, sino que es la suma de muchos individuos que participan en una carrera de relevos<\/strong>. La solidaridad, el compromiso, la transparencia o el amor hacia el d\u00e9bil pasan de persona a persona, manteniendo la llama que ha iluminado e ilumina los corazones de quienes han perdido la esperanza\u201d, ha destacado.<\/p>\n<p><img loading=\"lazy\" decoding=\"async\" class=\"size-full wp-image-13217 aligncenter\" src=\"https:\/\/blog.caritas.barcelona\/wp-content\/uploads\/sites\/2\/2023\/10\/20230929_RODA_DE_PREMSA_CARITAS_BCN_EDUARD_SALA_@DANI_COD-16-scaled-e1696233446562.jpg\" alt=\"\" width=\"768\" height=\"566\" \/><\/p>\n<p>En nombre del Cardenal Arzobispo Mons. Joan Josep Omella, Vilanova ha alentado a Eduard Sala a seguir trabajando como hasta ahora, en sinton\u00eda con el evangelio y con el compromiso de Jes\u00fas hacia las personas m\u00e1s d\u00e9biles. <strong>\u201cLa persona que decide hacerse voluntaria o aquella que participa en su C\u00e1ritas Parroquial, la que escucha a quien est\u00e1 sufriendo, son ejemplo de esa lucha contra el individualismo imperante que vivimos. La Iglesia es sin\u00f3nimo de comunidad. C\u00e1ritas es sin\u00f3nimo de comunidad, y es importante que adem\u00e1s de cubrir necesidades materiales, tambi\u00e9n cubra las necesidades espirituales de quienes piden ayuda\u201d<\/strong>, ha concluido.<\/p>\n<p>Mons. Joan Josep Omella ha agradecido el trabajo de Salvador Busquets, diciendo que ha sido un buen entrenador al frente de C\u00e1ritas, y ha animado a Eduard Sala a seguir trabajando siempre en comuni\u00f3n y sinodalidad. <strong>&#8220;Nuestro trabajo, el trabajo de C\u00e1ritas debe ir unido a la acci\u00f3n evangelizadora de cristo&#8221;.<\/strong><\/p>\n","protected":false},"excerpt":{"rendered":"<p>Toma el relevo de Salvador Busquets, que ha estado al frente de la entidad durante nueve a\u00f1os (2014-2023) Mons. Juan Jos\u00e9 Omella, presidente de C\u00e1ritas Diocesana de Barcelona y Cardenal Arzobispo de Barcelona, ha nombrado a Eduard Sala nuevo director de C\u00e1ritas Diocesana de Barcelona. Eduard Sala i Paixau (Barcelona, 1962) es educador social, coach, [&hellip;]<\/p>\n","protected":false},"author":4,"featured_media":13212,"comment_status":"closed","ping_status":"closed","sticky":false,"template":"","format":"standard","meta":{"footnotes":""},"categories":[21],"tags":[],"autor":[1212],"class_list":["post-13220","post","type-post","status-publish","format-standard","has-post-thumbnail","hentry","category-institucional-es","autor-jordi-julia-es"],"aioseo_notices":[],"_links":{"self":[{"href":"https:\/\/blog.caritas.barcelona\/es\/wp-json\/wp\/v2\/posts\/13220","targetHints":{"allow":["GET"]}}],"collection":[{"href":"https:\/\/blog.caritas.barcelona\/es\/wp-json\/wp\/v2\/posts"}],"about":[{"href":"https:\/\/blog.caritas.barcelona\/es\/wp-json\/wp\/v2\/types\/post"}],"author":[{"embeddable":true,"href":"https:\/\/blog.caritas.barcelona\/es\/wp-json\/wp\/v2\/users\/4"}],"replies":[{"embeddable":true,"href":"https:\/\/blog.caritas.barcelona\/es\/wp-json\/wp\/v2\/comments?post=13220"}],"version-history":[{"count":1,"href":"https:\/\/blog.caritas.barcelona\/es\/wp-json\/wp\/v2\/posts\/13220\/revisions"}],"predecessor-version":[{"id":13221,"href":"https:\/\/blog.caritas.barcelona\/es\/wp-json\/wp\/v2\/posts\/13220\/revisions\/13221"}],"wp:featuredmedia":[{"embeddable":true,"href":"https:\/\/blog.caritas.barcelona\/es\/wp-json\/wp\/v2\/media\/13212"}],"wp:attachment":[{"href":"https:\/\/blog.caritas.barcelona\/es\/wp-json\/wp\/v2\/media?parent=13220"}],"wp:term":[{"taxonomy":"category","embeddable":true,"href":"https:\/\/blog.caritas.barcelona\/es\/wp-json\/wp\/v2\/categories?post=13220"},{"taxonomy":"post_tag","embeddable":true,"href":"https:\/\/blog.caritas.barcelona\/es\/wp-json\/wp\/v2\/tags?post=13220"},{"taxonomy":"autor","embeddable":true,"href":"https:\/\/blog.caritas.barcelona\/es\/wp-json\/wp\/v2\/autor?post=13220"}],"curies":[{"name":"wp","href":"https:\/\/api.w.org\/{rel}","templated":true}]}}