{"id":13173,"date":"2022-08-21T11:09:02","date_gmt":"2022-08-21T09:09:02","guid":{"rendered":"https:\/\/blog.caritas.barcelona\/?p=13173"},"modified":"2023-09-28T14:16:34","modified_gmt":"2023-09-28T12:16:34","slug":"frases-inspiradoras-caritas","status":"publish","type":"post","link":"https:\/\/blog.caritas.barcelona\/es\/institucional-es\/frases-inspiradoras-caritas\/","title":{"rendered":"Desc\u00e1rgate las frases m\u00e1s inspiradoras de C\u00e1ritas"},"content":{"rendered":"<p>Desde C\u00e1ritas Barcelona hemos preparado unas frases muy especiales para que te hagan el d\u00eda a d\u00eda m\u00e1s feliz y tambi\u00e9n el de todos los que m\u00e1s quieres.<\/p>\n<p>Desc\u00e1rgate <a href=\"https:\/\/blog.caritas.barcelona\/wp-content\/uploads\/sites\/2\/2022\/08\/Frases-inspiradoras-Caritas_esp.pdf\">AQU\u00cd<\/a> las frases m\u00e1s inspiradoras de C\u00e1ritas, unas citas que recogen la esencia de la entidad, con im\u00e1genes reales de momentos \u00fanicos vividos con nuestros usuarios.<\/p>\n<p>Esperamos que te gusten, que te acompa\u00f1en y que te transmitan todo el amor con el que las hemos creado.<\/p>\n<p style=\"text-align: center\"><a href=\"https:\/\/blog.caritas.barcelona\/wp-content\/uploads\/sites\/2\/2022\/08\/Frases-inspiradoras-Caritas_esp.pdf\">FRASES INSPIRADORAS<\/a><\/p>\n","protected":false},"excerpt":{"rendered":"<p>Desde C\u00e1ritas Barcelona hemos preparado unas frases muy especiales para que te hagan el d\u00eda a d\u00eda m\u00e1s feliz y tambi\u00e9n el de todos los que m\u00e1s quieres. Desc\u00e1rgate AQU\u00cd las frases m\u00e1s inspiradoras de C\u00e1ritas, unas citas que recogen la esencia de la entidad, con im\u00e1genes reales de momentos \u00fanicos vividos con nuestros usuarios. [&hellip;]<\/p>\n","protected":false},"author":4,"featured_media":13208,"comment_status":"closed","ping_status":"closed","sticky":false,"template":"","format":"standard","meta":{"footnotes":""},"categories":[31,21],"tags":[],"autor":[],"class_list":["post-13173","post","type-post","status-publish","format-standard","has-post-thumbnail","hentry","category-acogida-y-acompanamiento","category-institucional-es"],"aioseo_notices":[],"_links":{"self":[{"href":"https:\/\/blog.caritas.barcelona\/es\/wp-json\/wp\/v2\/posts\/13173","targetHints":{"allow":["GET"]}}],"collection":[{"href":"https:\/\/blog.caritas.barcelona\/es\/wp-json\/wp\/v2\/posts"}],"about":[{"href":"https:\/\/blog.caritas.barcelona\/es\/wp-json\/wp\/v2\/types\/post"}],"author":[{"embeddable":true,"href":"https:\/\/blog.caritas.barcelona\/es\/wp-json\/wp\/v2\/users\/4"}],"replies":[{"embeddable":true,"href":"https:\/\/blog.caritas.barcelona\/es\/wp-json\/wp\/v2\/comments?post=13173"}],"version-history":[{"count":4,"href":"https:\/\/blog.caritas.barcelona\/es\/wp-json\/wp\/v2\/posts\/13173\/revisions"}],"predecessor-version":[{"id":13184,"href":"https:\/\/blog.caritas.barcelona\/es\/wp-json\/wp\/v2\/posts\/13173\/revisions\/13184"}],"wp:featuredmedia":[{"embeddable":true,"href":"https:\/\/blog.caritas.barcelona\/es\/wp-json\/wp\/v2\/media\/13208"}],"wp:attachment":[{"href":"https:\/\/blog.caritas.barcelona\/es\/wp-json\/wp\/v2\/media?parent=13173"}],"wp:term":[{"taxonomy":"category","embeddable":true,"href":"https:\/\/blog.caritas.barcelona\/es\/wp-json\/wp\/v2\/categories?post=13173"},{"taxonomy":"post_tag","embeddable":true,"href":"https:\/\/blog.caritas.barcelona\/es\/wp-json\/wp\/v2\/tags?post=13173"},{"taxonomy":"autor","embeddable":true,"href":"https:\/\/blog.caritas.barcelona\/es\/wp-json\/wp\/v2\/autor?post=13173"}],"curies":[{"name":"wp","href":"https:\/\/api.w.org\/{rel}","templated":true}]}}