{"id":12958,"date":"2023-06-22T10:25:47","date_gmt":"2023-06-22T08:25:47","guid":{"rendered":"https:\/\/blog.caritas.barcelona\/?p=12958"},"modified":"2023-06-22T10:25:47","modified_gmt":"2023-06-22T08:25:47","slug":"siempre-hay-nuevas-oportunidades-2","status":"publish","type":"post","link":"https:\/\/blog.caritas.barcelona\/es\/formacion-e-insercion-laboral\/siempre-hay-nuevas-oportunidades-2\/","title":{"rendered":"\u201cSiempre hay nuevas oportunidades\u201d"},"content":{"rendered":"<p>Linda es una de las muchas personas j\u00f3venes que durante el 2022 han encontrado trabajo gracias al acompa\u00f1amiento de C\u00e1ritas Diocesana de Barcelona<\/p>\n<p><strong>\u201cMe encontraba en un momento de desorientaci\u00f3n laboral, y desde C\u00e1ritas me supieron guiar para encontrar el trabajo adecuado\u201d<\/strong>, explica Linda. Esta joven conoci\u00f3 Feina amb Cor, el proyecto de b\u00fasqueda de empleo de C\u00e0ritas, gracias a Facebook, y entre otros aspectos, detalla que le han ense\u00f1ado <strong>cosas tan importantes como\u00a0<span class=\"hiddenGrammarError\">saber<\/span> leer un contrato de trabajo, hacer una entrevista, elaborar un curr\u00edculum que llame la atenci\u00f3n o encontrar ofertas que encajen con su perfil<\/strong>. \u201cDespu\u00e9s de la pandemia, muchas de las entrevistas son telem\u00e1ticas, as\u00ed que es crucial que tu carta de presentaci\u00f3n, que es el curr\u00edculum, destaque por encima del resto de candidatos\u201d.<\/p>\n<p style=\"text-align: center\"><img loading=\"lazy\" decoding=\"async\" class=\"size-full wp-image-12953 aligncenter\" src=\"https:\/\/blog.caritas.barcelona\/wp-content\/uploads\/sites\/2\/2023\/06\/FOTO.fw_-1-e1687421786956.png\" alt=\"\" width=\"768\" height=\"413\" srcset=\"https:\/\/blog.caritas.barcelona\/wp-content\/uploads\/sites\/2\/2023\/06\/FOTO.fw_-1-e1687421786956.png 768w, https:\/\/blog.caritas.barcelona\/wp-content\/uploads\/sites\/2\/2023\/06\/FOTO.fw_-1-e1687421786956-300x161.png 300w\" sizes=\"auto, (max-width: 768px) 100vw, 768px\" \/><\/p>\n<p><span class=\"hiddenSpellError\">Dessir\u00e9e<\/span>\u00a0<span class=\"hiddenSpellError\">Garc\u00eda<\/span>, responsable del programa de formaci\u00f3n e inserci\u00f3n laboral de C\u00e1ritas Barcelona, explica que a pesar de que la tasa de paro de los j\u00f3venes en Catalunya es del 22,1%, hay que darles esperanza, y que los datos de Feina amb Cor demuestran que con el acompa\u00f1amiento adecuado pueden salir adelante. <strong>En este sentido, 9 de cada 10 j\u00f3venes de entre 16 y 29 a\u00f1os que han pasado por Feina amb Cor durante el 2022 han encontrado trabajo. \u201cLos j\u00f3venes son un colectivo con oportunidades y potencialidades<\/strong>. Desde C\u00e1ritas no solo contemplamos lo que busca la empresa, sino aquello que las personas que acompa\u00f1amos pueden ofrecer. Tienen que saber que nos tienen a su lado durante todo el proceso de b\u00fasqueda de trabajo, y que si no desfallecen, la oferta laboral deseada llegar\u00e1\u201d, detalla <span class=\"hiddenSpellError\">Garc\u00eda<\/span>.<\/p>\n<p>Actualmente, Linda est\u00e1 trabajando en una empresa que ofrece servicios de limpieza y mantenimiento, y para ella es una experiencia que la est\u00e1 ayudando a crecer como persona y como profesional. <strong>\u201cNunca hab\u00eda trabajado con otras personas, y el hecho de sacar adelante un trabajo en equipo es muy gratificante\u201d<\/strong>, explica.<\/p>\n<p>Preguntada sobre si recomendar\u00eda el proyecto de Feina amb Cor, Linda dice que lo recomendar\u00eda a todos los j\u00f3venes que est\u00e9n desocupados. \u201cEs un proyecto que merece la pena. Desde el primer momento te ayudan en todo lo que pueden. <strong>A pesar de que est\u00e9s frustrado porque est\u00e1s en paro o porque tienes trabajos con los que no llegas a fin de mes, hay que seguir y tirar adelante, ya que siempre hay nuevas oportunidades\u201d<\/strong>, dice emocionada.<\/p>\n","protected":false},"excerpt":{"rendered":"<p>Linda es una de las muchas personas j\u00f3venes que durante el 2022 han encontrado trabajo gracias al acompa\u00f1amiento de C\u00e1ritas Diocesana de Barcelona \u201cMe encontraba en un momento de desorientaci\u00f3n laboral, y desde C\u00e1ritas me supieron guiar para encontrar el trabajo adecuado\u201d, explica Linda. Esta joven conoci\u00f3 Feina amb Cor, el proyecto de b\u00fasqueda de [&hellip;]<\/p>\n","protected":false},"author":4,"featured_media":12953,"comment_status":"open","ping_status":"open","sticky":false,"template":"","format":"standard","meta":{"footnotes":""},"categories":[27],"tags":[],"autor":[1212],"class_list":["post-12958","post","type-post","status-publish","format-standard","has-post-thumbnail","hentry","category-formacion-e-insercion-laboral","autor-jordi-julia-es"],"aioseo_notices":[],"_links":{"self":[{"href":"https:\/\/blog.caritas.barcelona\/es\/wp-json\/wp\/v2\/posts\/12958","targetHints":{"allow":["GET"]}}],"collection":[{"href":"https:\/\/blog.caritas.barcelona\/es\/wp-json\/wp\/v2\/posts"}],"about":[{"href":"https:\/\/blog.caritas.barcelona\/es\/wp-json\/wp\/v2\/types\/post"}],"author":[{"embeddable":true,"href":"https:\/\/blog.caritas.barcelona\/es\/wp-json\/wp\/v2\/users\/4"}],"replies":[{"embeddable":true,"href":"https:\/\/blog.caritas.barcelona\/es\/wp-json\/wp\/v2\/comments?post=12958"}],"version-history":[{"count":1,"href":"https:\/\/blog.caritas.barcelona\/es\/wp-json\/wp\/v2\/posts\/12958\/revisions"}],"predecessor-version":[{"id":12959,"href":"https:\/\/blog.caritas.barcelona\/es\/wp-json\/wp\/v2\/posts\/12958\/revisions\/12959"}],"wp:featuredmedia":[{"embeddable":true,"href":"https:\/\/blog.caritas.barcelona\/es\/wp-json\/wp\/v2\/media\/12953"}],"wp:attachment":[{"href":"https:\/\/blog.caritas.barcelona\/es\/wp-json\/wp\/v2\/media?parent=12958"}],"wp:term":[{"taxonomy":"category","embeddable":true,"href":"https:\/\/blog.caritas.barcelona\/es\/wp-json\/wp\/v2\/categories?post=12958"},{"taxonomy":"post_tag","embeddable":true,"href":"https:\/\/blog.caritas.barcelona\/es\/wp-json\/wp\/v2\/tags?post=12958"},{"taxonomy":"autor","embeddable":true,"href":"https:\/\/blog.caritas.barcelona\/es\/wp-json\/wp\/v2\/autor?post=12958"}],"curies":[{"name":"wp","href":"https:\/\/api.w.org\/{rel}","templated":true}]}}