{"id":12913,"date":"2023-06-15T10:24:55","date_gmt":"2023-06-15T08:24:55","guid":{"rendered":"https:\/\/blog.caritas.barcelona\/?p=12913"},"modified":"2023-06-15T12:19:17","modified_gmt":"2023-06-15T10:19:17","slug":"nos-plantamos-por-el-buen-trato-a-las-personas-mayores-y-tu","status":"publish","type":"post","link":"https:\/\/blog.caritas.barcelona\/es\/personas-mayores\/nos-plantamos-por-el-buen-trato-a-las-personas-mayores-y-tu\/","title":{"rendered":"Nos plantamos por el buen trato a las personas mayores \u00bfY t\u00fa?\u00a0"},"content":{"rendered":"<p><span data-contrast=\"auto\">Hoy, <strong>D\u00eda Mundial de Toma de Conciencia del Abuso y Maltrato en la Vejez<\/strong>, nos plantamos por el buen trato a las personas mayores.<\/span><span data-ccp-props=\"{&quot;201341983&quot;:0,&quot;335551550&quot;:6,&quot;335551620&quot;:6,&quot;335559739&quot;:160,&quot;335559740&quot;:259}\">\u00a0<\/span><\/p>\n<p><span data-contrast=\"auto\">Porque queremos reivindicar sus capacidades, todo lo que aportan, en C\u00e1ritas y en la sociedad, porque queremos vivir en un barrio, pueblo, ciudad que valora su sabidur\u00eda y aprende de su experiencia.<\/span><\/p>\n<p><img loading=\"lazy\" decoding=\"async\" class=\"aligncenter wp-image-12906\" src=\"https:\/\/blog.caritas.barcelona\/wp-content\/uploads\/sites\/2\/2023\/06\/WhatsApp-Image-2023-06-15-at-09.11.37.jpeg\" alt=\"\" width=\"768\" height=\"576\" srcset=\"https:\/\/blog.caritas.barcelona\/wp-content\/uploads\/sites\/2\/2023\/06\/WhatsApp-Image-2023-06-15-at-09.11.37.jpeg 1600w, https:\/\/blog.caritas.barcelona\/wp-content\/uploads\/sites\/2\/2023\/06\/WhatsApp-Image-2023-06-15-at-09.11.37-300x225.jpeg 300w, https:\/\/blog.caritas.barcelona\/wp-content\/uploads\/sites\/2\/2023\/06\/WhatsApp-Image-2023-06-15-at-09.11.37-1024x768.jpeg 1024w, https:\/\/blog.caritas.barcelona\/wp-content\/uploads\/sites\/2\/2023\/06\/WhatsApp-Image-2023-06-15-at-09.11.37-768x576.jpeg 768w, https:\/\/blog.caritas.barcelona\/wp-content\/uploads\/sites\/2\/2023\/06\/WhatsApp-Image-2023-06-15-at-09.11.37-1536x1152.jpeg 1536w\" sizes=\"auto, (max-width: 768px) 100vw, 768px\" \/><\/p>\n<p><span data-contrast=\"auto\">Creemos que es posible cambiar la forma que tenemos de pensar, sentir, hablar y actuar con las personas mayores. Por eso nos plantamos, \u00bfy t\u00fa, te plantas? <\/span><span data-contrast=\"auto\">Queremos pasar de ser una comunidad que solo piensa en las personas mayores como enfermas y d\u00e9biles a ser una comunidad que reconoce sus muchas habilidades y las aprovecha para el bien com\u00fan. Por eso nos plantamos, \u00bfy t\u00fa, te plantas?<\/span><\/p>\n<p><img loading=\"lazy\" decoding=\"async\" class=\"aligncenter wp-image-12908\" src=\"https:\/\/blog.caritas.barcelona\/wp-content\/uploads\/sites\/2\/2023\/06\/WhatsApp-Image-2023-06-15-at-09.11.49-e1686816544283.jpeg\" alt=\"\" width=\"768\" height=\"1024\" \/><\/p>\n<p><span data-contrast=\"auto\">Hoy nos plantamos porque estamos hartos, estamos cansadas, de que las personas mayores sean invisibles y no se cuente con ellas para pensar y construir el mejor presente y el mejor futuro. \u00bfY t\u00fa, te plantas?. <\/span><span data-contrast=\"auto\">Nos plantamos porque es urgente que cada persona mayor se sienta parte activa del lugar en el que vive. Nos plantamos porque queremos hacer m\u00e1s fuertes nuestros lazos vecinales, porque queremos vincularnos m\u00e1s y mejor, para poder seguir siendo una comunidad donde todo el mundo es importante, donde todas las personas somos necesarias.<\/span><\/p>\n<p><img loading=\"lazy\" decoding=\"async\" class=\"aligncenter wp-image-12911\" src=\"https:\/\/blog.caritas.barcelona\/wp-content\/uploads\/sites\/2\/2023\/06\/20230525_festa_intergeneracional-14-scaled.jpg\" alt=\"\" width=\"768\" height=\"512\" srcset=\"https:\/\/blog.caritas.barcelona\/wp-content\/uploads\/sites\/2\/2023\/06\/20230525_festa_intergeneracional-14-scaled.jpg 2560w, https:\/\/blog.caritas.barcelona\/wp-content\/uploads\/sites\/2\/2023\/06\/20230525_festa_intergeneracional-14-300x200.jpg 300w, https:\/\/blog.caritas.barcelona\/wp-content\/uploads\/sites\/2\/2023\/06\/20230525_festa_intergeneracional-14-1024x683.jpg 1024w, https:\/\/blog.caritas.barcelona\/wp-content\/uploads\/sites\/2\/2023\/06\/20230525_festa_intergeneracional-14-768x512.jpg 768w, https:\/\/blog.caritas.barcelona\/wp-content\/uploads\/sites\/2\/2023\/06\/20230525_festa_intergeneracional-14-1536x1024.jpg 1536w, https:\/\/blog.caritas.barcelona\/wp-content\/uploads\/sites\/2\/2023\/06\/20230525_festa_intergeneracional-14-2048x1365.jpg 2048w\" sizes=\"auto, (max-width: 768px) 100vw, 768px\" \/><\/p>\n<p>En el d\u00eda de hoy, C\u00e1ritas Diocesana de Barcelona renueva su compromiso con la gente mayor y sigue contribuyendo a hacer que las personas mayores sean parte activa de nuestra sociedad y no personas a menudo maltratadas. Por esto nos plantamos. <span data-contrast=\"auto\">Si te plantas t\u00fa tambi\u00e9n, ya somos m\u00e1s. \u00bfTe plantas?<\/span><\/p>\n<p>(Manifiesto del Nivel t\u00e9cnico mixto de mayores de c\u00e1ritas espa\u00f1ola)<\/p>\n","protected":false},"excerpt":{"rendered":"<p>Hoy, D\u00eda Mundial de Toma de Conciencia del Abuso y Maltrato en la Vejez, nos plantamos por el buen trato a las personas mayores.\u00a0 Porque queremos reivindicar sus capacidades, todo lo que aportan, en C\u00e1ritas y en la sociedad, porque queremos vivir en un barrio, pueblo, ciudad que valora su sabidur\u00eda y aprende de su [&hellip;]<\/p>\n","protected":false},"author":4,"featured_media":12911,"comment_status":"open","ping_status":"open","sticky":false,"template":"","format":"standard","meta":{"footnotes":""},"categories":[26],"tags":[],"autor":[36],"class_list":["post-12913","post","type-post","status-publish","format-standard","has-post-thumbnail","hentry","category-personas-mayores","autor-caritas-diocesana-de-barcelona-es"],"aioseo_notices":[],"_links":{"self":[{"href":"https:\/\/blog.caritas.barcelona\/es\/wp-json\/wp\/v2\/posts\/12913","targetHints":{"allow":["GET"]}}],"collection":[{"href":"https:\/\/blog.caritas.barcelona\/es\/wp-json\/wp\/v2\/posts"}],"about":[{"href":"https:\/\/blog.caritas.barcelona\/es\/wp-json\/wp\/v2\/types\/post"}],"author":[{"embeddable":true,"href":"https:\/\/blog.caritas.barcelona\/es\/wp-json\/wp\/v2\/users\/4"}],"replies":[{"embeddable":true,"href":"https:\/\/blog.caritas.barcelona\/es\/wp-json\/wp\/v2\/comments?post=12913"}],"version-history":[{"count":4,"href":"https:\/\/blog.caritas.barcelona\/es\/wp-json\/wp\/v2\/posts\/12913\/revisions"}],"predecessor-version":[{"id":12925,"href":"https:\/\/blog.caritas.barcelona\/es\/wp-json\/wp\/v2\/posts\/12913\/revisions\/12925"}],"wp:featuredmedia":[{"embeddable":true,"href":"https:\/\/blog.caritas.barcelona\/es\/wp-json\/wp\/v2\/media\/12911"}],"wp:attachment":[{"href":"https:\/\/blog.caritas.barcelona\/es\/wp-json\/wp\/v2\/media?parent=12913"}],"wp:term":[{"taxonomy":"category","embeddable":true,"href":"https:\/\/blog.caritas.barcelona\/es\/wp-json\/wp\/v2\/categories?post=12913"},{"taxonomy":"post_tag","embeddable":true,"href":"https:\/\/blog.caritas.barcelona\/es\/wp-json\/wp\/v2\/tags?post=12913"},{"taxonomy":"autor","embeddable":true,"href":"https:\/\/blog.caritas.barcelona\/es\/wp-json\/wp\/v2\/autor?post=12913"}],"curies":[{"name":"wp","href":"https:\/\/api.w.org\/{rel}","templated":true}]}}