{"id":12897,"date":"2023-06-09T13:12:56","date_gmt":"2023-06-09T11:12:56","guid":{"rendered":"https:\/\/blog.caritas.barcelona\/?p=12897"},"modified":"2023-08-15T16:36:37","modified_gmt":"2023-08-15T14:36:37","slug":"durante-el-2022-caritas-barcelona-atiende-a-16-063-hogares-donde-viven-35-414-personas-un-28-mas-que-el-ano-anterior","status":"publish","type":"post","link":"https:\/\/blog.caritas.barcelona\/es\/institucional-es\/durante-el-2022-caritas-barcelona-atiende-a-16-063-hogares-donde-viven-35-414-personas-un-28-mas-que-el-ano-anterior\/","title":{"rendered":"Durante el 2022, C\u00e1ritas Barcelona atiende a 16.063 hogares donde viven 35.414 personas, un 28% m\u00e1s que el a\u00f1o anterior"},"content":{"rendered":"<p>Durante 2022, <strong>C\u00e1ritas ha atendido a 16.063 hogares, donde viven 35.414 personas, un 28% m\u00e1s que el a\u00f1o anterior<\/strong>.<\/p>\n<p><img loading=\"lazy\" decoding=\"async\" class=\"aligncenter wp-image-12885\" src=\"https:\/\/blog.caritas.barcelona\/wp-content\/uploads\/sites\/2\/2023\/06\/IMG_4619-1024x683.jpg\" alt=\"\" width=\"768\" height=\"512\" srcset=\"https:\/\/blog.caritas.barcelona\/wp-content\/uploads\/sites\/2\/2023\/06\/IMG_4619-1024x683.jpg 1024w, https:\/\/blog.caritas.barcelona\/wp-content\/uploads\/sites\/2\/2023\/06\/IMG_4619-300x200.jpg 300w, https:\/\/blog.caritas.barcelona\/wp-content\/uploads\/sites\/2\/2023\/06\/IMG_4619-768x512.jpg 768w, https:\/\/blog.caritas.barcelona\/wp-content\/uploads\/sites\/2\/2023\/06\/IMG_4619-1536x1024.jpg 1536w, https:\/\/blog.caritas.barcelona\/wp-content\/uploads\/sites\/2\/2023\/06\/IMG_4619-2048x1365.jpg 2048w\" sizes=\"auto, (max-width: 768px) 100vw, 768px\" \/><\/p>\n<p>Asimismo, las C\u00e1ritas Parroquiales y Arciprestales de la di\u00f3cesis de Barcelona han atendido a 34.092 hogares, donde viven 78.683 personas, un 22% m\u00e1s que en 2021. Miriam Feu, responsable de an\u00e1lisis social e incidencia de C\u00e1ritas Barcelona, ha asegurado que <strong>estos datos sit\u00faan a C\u00e1ritas Barcelona en cifras r\u00e9cord de atenci\u00f3n, recuperando niveles de 2019<\/strong>.<\/p>\n<p>Profundizando en los datos de la Memoria 2022 de C\u00e1ritas Barcelona, Feu ha explicado <strong>que el 53% de las personas atendidas durante 2022 se acercan a C\u00e1ritas por primera vez, y que muchas de ellas han huido de pa\u00edses en situaci\u00f3n de conflicto como Colombia, Per\u00fa, Honduras, Venezuela, Ecuador y Bolivia. El 49% de las personas atendidas se encuentra en situaci\u00f3n administrativa irregular, 8 puntos m\u00e1s que en 2021<\/strong>. \u201cSon personas invisibilizadas, que necesitan una atenci\u00f3n urgente, que muchas veces no encuentran en la administraci\u00f3n porque les deniegan el acceso al padr\u00f3n, y que no tienen m\u00e1s alternativa que llamar a la puerta de entidades sociales como C\u00e1ritas\u201d.<\/p>\n<p>En cuanto a la vivienda, <strong>un 67% de los hogares no disponen de una vivienda digna (incluye personas que viven de realquiler, acogidas en casas de familiares o conocidos, con alquiler sin contrato, ocupando, en un proyecto de una entidad social o en la calle), y 1 de cada 2 familias deben sobrevivir en una habitaci\u00f3n de un piso compartido<\/strong>. \u201cCada vez son m\u00e1s las familias que se ven abocadas a vivir con desconocidos, a sobrevivir entre cuatro paredes de una habitaci\u00f3n por no encontrar un alquiler asequible. Si a todo esto le sumas que la mayor\u00eda tienen ni\u00f1os y adolescentes, la situaci\u00f3n se vuelve insostenible\u201d, ha detallado Feu. Por este motivo, <strong>C\u00e1ritas ha destinado m\u00e1s de un mill\u00f3n de euros para pagar habitaciones de realquiler, que han beneficiado a 1.221 familias (un 12% m\u00e1s de familias que en 2021)<\/strong>.<\/p>\n<p><img loading=\"lazy\" decoding=\"async\" class=\"aligncenter wp-image-12891\" src=\"https:\/\/blog.caritas.barcelona\/wp-content\/uploads\/sites\/2\/2023\/06\/IMG_4606-1024x683.jpg\" alt=\"\" width=\"768\" height=\"512\" srcset=\"https:\/\/blog.caritas.barcelona\/wp-content\/uploads\/sites\/2\/2023\/06\/IMG_4606-1024x683.jpg 1024w, https:\/\/blog.caritas.barcelona\/wp-content\/uploads\/sites\/2\/2023\/06\/IMG_4606-300x200.jpg 300w, https:\/\/blog.caritas.barcelona\/wp-content\/uploads\/sites\/2\/2023\/06\/IMG_4606-768x512.jpg 768w, https:\/\/blog.caritas.barcelona\/wp-content\/uploads\/sites\/2\/2023\/06\/IMG_4606-1536x1024.jpg 1536w, https:\/\/blog.caritas.barcelona\/wp-content\/uploads\/sites\/2\/2023\/06\/IMG_4606-2048x1365.jpg 2048w\" sizes=\"auto, (max-width: 768px) 100vw, 768px\" \/><\/p>\n<p>En el \u00e1mbito laboral, <strong>el 75% de las personas atendidas por C\u00e1ritas en edad de trabajar no tienen trabajo, y un 16% tiene trabajos precarios que no les permiten llegar a fin de mes<\/strong>. Sin embargo, existen datos por la esperanza, ya que 2.171 personas han participado en cursos de formaci\u00f3n, y 1.453 personas han encontrado trabajo durante el 2022.<\/p>\n<p>En relaci\u00f3n con el conjunto de ayudas econ\u00f3micas, C\u00e1ritas ha destinado 2,5 millones de euros a partidas como vivienda, alimentos, infancia o sanidad, entre otras, que han beneficiado a 4.683 personas. \u201cNos preocupa que m\u00e1s del 60% de las ayudas que ofrecemos sean para pagar habitaciones de realquiler o gastos relacionados con la vivienda. Esta cuant\u00eda demuestra que la cuesti\u00f3n de la vivienda no est\u00e1 resuelta, y que es el principal problema <strong>de la mayor\u00eda de las familias del \u00e1rea de Barcelona\u201d<\/strong>, ha explicado Feu.<\/p>\n<p><strong>J\u00f3venes y familias con ni\u00f1os, los m\u00e1s afectados por la pobreza<\/strong><\/p>\n<p>\u201cEl 44% de los hogares atendidos son familias con ni\u00f1os y adolescentes, y la mitad de estas son familias monoparentales, mayoritariamente encabezadas por una mujer. Nos preocupa que el peso de este colectivo dentro del total haya aumentado 2 puntos con relaci\u00f3n al a\u00f1o pasado, lo que indica lo vulnerables que son las madres que deben subir solas a sus hijos\u201d, ha dicho Feu. Asimismo, ha querido hacer \u00e9nfasis en la situaci\u00f3n de los j\u00f3venes, indicando que 3 de cada 4 no cuenta ni con un trabajo ni vivienda digna. &#8220;El 76% de los j\u00f3venes tienen dificultades para acceder a un hogar digno, 12 puntos porcentuales m\u00e1s que el resto de las personas que acompa\u00f1amos&#8221;.<\/p>\n<p><img loading=\"lazy\" decoding=\"async\" class=\"aligncenter wp-image-12893\" src=\"https:\/\/blog.caritas.barcelona\/wp-content\/uploads\/sites\/2\/2023\/06\/IMG_4641-1-1024x683.jpg\" alt=\"\" width=\"768\" height=\"512\" srcset=\"https:\/\/blog.caritas.barcelona\/wp-content\/uploads\/sites\/2\/2023\/06\/IMG_4641-1-1024x683.jpg 1024w, https:\/\/blog.caritas.barcelona\/wp-content\/uploads\/sites\/2\/2023\/06\/IMG_4641-1-300x200.jpg 300w, https:\/\/blog.caritas.barcelona\/wp-content\/uploads\/sites\/2\/2023\/06\/IMG_4641-1-768x512.jpg 768w, https:\/\/blog.caritas.barcelona\/wp-content\/uploads\/sites\/2\/2023\/06\/IMG_4641-1-1536x1024.jpg 1536w, https:\/\/blog.caritas.barcelona\/wp-content\/uploads\/sites\/2\/2023\/06\/IMG_4641-1-2048x1365.jpg 2048w\" sizes=\"auto, (max-width: 768px) 100vw, 768px\" \/><\/p>\n<p><strong>Deberes para los nuevos ayuntamientos y para el conjunto de las administraciones p\u00fablicas<\/strong><\/p>\n<p>Salvador Busquets, director de C\u00e1ritas Diocesana de Barcelona, ha desgranado algunas de las principales propuestas de C\u00e1ritas. Entre otras, ha <strong>pedido focalizar los esfuerzos en la vivienda<\/strong>, ampliando el parque de vivienda p\u00fablica para conseguir que se pase del actual 2% para llegar a la media europea, que se sit\u00faa en torno al 17%. Tambi\u00e9n <strong>ha instado a aprobar durante este 2023 la ley para hacer frente y erradicar el sinhogarismo, que actualmente est\u00e1 tramit\u00e1ndose en el Parlament de Catalunya<\/strong>. En cuanto a las pol\u00edticas de ingresos m\u00ednimos, ha pedido al Govern de la Generalitat <strong>que la Renta Garantizada de Ciudadan\u00eda (RGC) llegue a todo aquel que lo necesite, ampliando su cobertura y cuant\u00eda, armoniz\u00e1ndola con el Ingreso M\u00ednimo Vital (IMV) y haci\u00e9ndola compatible con ayudas espec\u00edficas para afrontar los gastos de la vivienda<\/strong>. \u201cNos encontramos familias que perciben la Renta Garantizada de Ciudadan\u00eda, pero que deben destinar su totalidad a gastos relacionados con la vivienda, lo que los deja sin ingresos para cubrir el resto de necesidades b\u00e1sicas\u201d, ha explicado Busquets. En materia de infancia, ha pedido m\u00e1s pol\u00edticas de protecci\u00f3n para familias con ni\u00f1os y adolescentes, creando una prestaci\u00f3n universal por crianza o desplegando m\u00e1s recursos educativos para poner freno a la transmisi\u00f3n intergeneracional de la pobreza. Por \u00faltimo, y en cuanto a la constituci\u00f3n de los nuevos consistorios, Busquets ha pedido que cumplan con la ley, y que <strong>faciliten el acceso al padr\u00f3n a todas aquellas personas que viven en el municipio<\/strong>.<\/p>\n<p><strong>Un llamamiento a los j\u00f3venes<\/strong><\/p>\n<p>Para concluir la Rueda de Prensa, ha intervenido Mons. Juan Jos\u00e9 Omella, Cardenal Arzobispo de Barcelona y presidente de C\u00e1ritas Diocesana de Barcelona. Omella, <strong>pidiendo a la sociedad que se implique en ayudar a las personas que m\u00e1s sufren, que no vivan con indiferencia las situaciones de pobreza que ven a su alrededor. \u201cQuiero hacer este llamamiento a los j\u00f3venes. Como dijo el Papa Francisco, es necesario que los j\u00f3venes que hoy se sienten un poco inquietos y no saben qu\u00e9 hacer con esta inquietud miren al horizonte del mundo, miren a los pueblos tan necesitados, miren a tanta gente que sufre, y tanta gente que necesita a Jes\u00fas. Es necesario que vayan, que se acerquen y que tengan coraje\u201d<\/strong>, ha pedido, haciendo referencia al lema de la campa\u00f1a de C\u00e1ritas de este a\u00f1o <a href=\"https:\/\/campanyes.caritas.barcelona\/tu-hi-tens-molt-a-veure\/\">\u201cT\u00fa tienes mucho que ver\u201d<\/a>.<\/p>\n<p><img loading=\"lazy\" decoding=\"async\" class=\"aligncenter wp-image-12889\" src=\"https:\/\/blog.caritas.barcelona\/wp-content\/uploads\/sites\/2\/2023\/06\/IMG_4574-1024x683.jpg\" alt=\"\" width=\"768\" height=\"512\" srcset=\"https:\/\/blog.caritas.barcelona\/wp-content\/uploads\/sites\/2\/2023\/06\/IMG_4574-1024x683.jpg 1024w, https:\/\/blog.caritas.barcelona\/wp-content\/uploads\/sites\/2\/2023\/06\/IMG_4574-300x200.jpg 300w, https:\/\/blog.caritas.barcelona\/wp-content\/uploads\/sites\/2\/2023\/06\/IMG_4574-768x512.jpg 768w, https:\/\/blog.caritas.barcelona\/wp-content\/uploads\/sites\/2\/2023\/06\/IMG_4574-1536x1024.jpg 1536w, https:\/\/blog.caritas.barcelona\/wp-content\/uploads\/sites\/2\/2023\/06\/IMG_4574-2048x1365.jpg 2048w\" sizes=\"auto, (max-width: 768px) 100vw, 768px\" \/><\/p>\n<p>Antes de dar por terminada su intervenci\u00f3n, ha agradecido el apoyo de los 10.970 socios y donantes y 601 empresas y entidades, recordando que el 79% de la financiaci\u00f3n proviene de fuentes privadas. Tambi\u00e9n ha querido poner en valor el trabajo del equipo humano <strong>de la entidad, as\u00ed como la enorme labor de las cerca de 3.000 personas voluntarias<\/strong>. Por \u00faltimo, ha recordado que este domingo 11 de junio habr\u00e1 la colecta extraordinaria de parroquias a favor de C\u00e1ritas Barcelona, y que la ciudadan\u00eda puede continuar colaborando con C\u00e1ritas a trav\u00e9s de su web <a href=\"https:\/\/caritas.barcelona\/\">caritas.barcelona.<\/a><\/p>\n","protected":false},"excerpt":{"rendered":"<p>Durante 2022, C\u00e1ritas ha atendido a 16.063 hogares, donde viven 35.414 personas, un 28% m\u00e1s que el a\u00f1o anterior. Asimismo, las C\u00e1ritas Parroquiales y Arciprestales de la di\u00f3cesis de Barcelona han atendido a 34.092 hogares, donde viven 78.683 personas, un 22% m\u00e1s que en 2021. Miriam Feu, responsable de an\u00e1lisis social e incidencia de C\u00e1ritas [&hellip;]<\/p>\n","protected":false},"author":4,"featured_media":12893,"comment_status":"closed","ping_status":"closed","sticky":false,"template":"","format":"standard","meta":{"footnotes":""},"categories":[21],"tags":[],"autor":[36],"class_list":["post-12897","post","type-post","status-publish","format-standard","has-post-thumbnail","hentry","category-institucional-es","autor-caritas-diocesana-de-barcelona-es"],"aioseo_notices":[],"_links":{"self":[{"href":"https:\/\/blog.caritas.barcelona\/es\/wp-json\/wp\/v2\/posts\/12897","targetHints":{"allow":["GET"]}}],"collection":[{"href":"https:\/\/blog.caritas.barcelona\/es\/wp-json\/wp\/v2\/posts"}],"about":[{"href":"https:\/\/blog.caritas.barcelona\/es\/wp-json\/wp\/v2\/types\/post"}],"author":[{"embeddable":true,"href":"https:\/\/blog.caritas.barcelona\/es\/wp-json\/wp\/v2\/users\/4"}],"replies":[{"embeddable":true,"href":"https:\/\/blog.caritas.barcelona\/es\/wp-json\/wp\/v2\/comments?post=12897"}],"version-history":[{"count":6,"href":"https:\/\/blog.caritas.barcelona\/es\/wp-json\/wp\/v2\/posts\/12897\/revisions"}],"predecessor-version":[{"id":13160,"href":"https:\/\/blog.caritas.barcelona\/es\/wp-json\/wp\/v2\/posts\/12897\/revisions\/13160"}],"wp:featuredmedia":[{"embeddable":true,"href":"https:\/\/blog.caritas.barcelona\/es\/wp-json\/wp\/v2\/media\/12893"}],"wp:attachment":[{"href":"https:\/\/blog.caritas.barcelona\/es\/wp-json\/wp\/v2\/media?parent=12897"}],"wp:term":[{"taxonomy":"category","embeddable":true,"href":"https:\/\/blog.caritas.barcelona\/es\/wp-json\/wp\/v2\/categories?post=12897"},{"taxonomy":"post_tag","embeddable":true,"href":"https:\/\/blog.caritas.barcelona\/es\/wp-json\/wp\/v2\/tags?post=12897"},{"taxonomy":"autor","embeddable":true,"href":"https:\/\/blog.caritas.barcelona\/es\/wp-json\/wp\/v2\/autor?post=12897"}],"curies":[{"name":"wp","href":"https:\/\/api.w.org\/{rel}","templated":true}]}}