{"id":12791,"date":"2023-05-15T09:34:23","date_gmt":"2023-05-15T07:34:23","guid":{"rendered":"https:\/\/blog.caritas.barcelona\/?p=12791"},"modified":"2023-05-15T10:07:13","modified_gmt":"2023-05-15T08:07:13","slug":"passaraile-resumen-de-la-inmersion-en-barcelona-y-girona","status":"publish","type":"post","link":"https:\/\/blog.caritas.barcelona\/es\/acogida-y-acompanamiento\/passaraile-resumen-de-la-inmersion-en-barcelona-y-girona\/","title":{"rendered":"Passar&#8217;aile: inmersi\u00f3n en Barcelona y Girona"},"content":{"rendered":"<p>El proyecto Pasarela agrupa a diferentes entidades sociales europeas que trabajan con adolescentes y j\u00f3venes migrantes no acompa\u00f1ados.<\/p>\n<p>A partir del intercambio de conocimientos y experiencias de intervenci\u00f3n, tiene la finalidad de fortalecer y mejorar el acompa\u00f1amiento social y educativo de estos j\u00f3venes.<\/p>\n<p>Si el pasado a\u00f1o 2022 se realiz\u00f3 una inmersi\u00f3n de trabajadores y educadores sociales de Mali y Senegal en Murcia y Sevilla, durante la primera quincena de <strong>mayo de 2023 realizamos la inmersi\u00f3n en Barcelona y Girona<\/strong>, para conocer c\u00f3mo se trabaja en los distintos proyectos de Caritas espa\u00f1ola en unos territorios caracterizados por la llegada de importantes flujos migratorios de j\u00f3venes, menores y mayores de edad, en los \u00faltimos a\u00f1os. Esta inmersi\u00f3n ha reunido a profesionales del \u00e1mbito social de Senegal y Espa\u00f1a para compartir y generar el intercambio de buenas pr\u00e1cticas y para crear puentes (pasarelas) entre pa\u00edses de origen (\u00c1frica del Oeste) y de destino (Europa).<\/p>\n<p>&nbsp;<\/p>\n<p><img loading=\"lazy\" decoding=\"async\" class=\"wp-image-12798 aligncenter\" src=\"https:\/\/blog.caritas.barcelona\/wp-content\/uploads\/sites\/2\/2023\/05\/Grup-BCN-Girona.jpg\" alt=\"\" width=\"768\" height=\"576\" srcset=\"https:\/\/blog.caritas.barcelona\/wp-content\/uploads\/sites\/2\/2023\/05\/Grup-BCN-Girona.jpg 1440w, https:\/\/blog.caritas.barcelona\/wp-content\/uploads\/sites\/2\/2023\/05\/Grup-BCN-Girona-300x225.jpg 300w, https:\/\/blog.caritas.barcelona\/wp-content\/uploads\/sites\/2\/2023\/05\/Grup-BCN-Girona-1024x768.jpg 1024w, https:\/\/blog.caritas.barcelona\/wp-content\/uploads\/sites\/2\/2023\/05\/Grup-BCN-Girona-768x576.jpg 768w, https:\/\/blog.caritas.barcelona\/wp-content\/uploads\/sites\/2\/2023\/05\/Grup-BCN-Girona-1536x1152.jpg 1536w\" sizes=\"auto, (max-width: 768px) 100vw, 768px\" \/><\/p>\n<p>&nbsp;<\/p>\n<p>Durante la inmersi\u00f3n, se han realizado reuniones con hasta un total de <strong>10 profesionales que intervienen desde diferentes \u00e1mbitos (jur\u00eddico, social o formativo-laboral)<\/strong> con j\u00f3venes. Tambi\u00e9n se han visitado diferentes recursos residenciales, b\u00e1sicamente pisos de acogida, d\u00f3nde se han realizado encuentros formales e informales a trav\u00e9s de la actividad de la vida cotidiana, compartiendo as\u00ed comidas, cenas e incluso partidos de f\u00fatbol o salidas culturales y de ocio.<\/p>\n<p>Todo ello ha permitido conocer m\u00e1s de cerca la realidad sobre el terreno y como se desarrolla el trabajo, compartiendo experiencias concretas en torno a cuestiones vitales en el acompa\u00f1amiento y en la intervenci\u00f3n educativa con adolescentes y j\u00f3venes (tutelados y ex tutelados) en diferentes espacios y contextos.<\/p>\n<p>&nbsp;<\/p>\n<p><img loading=\"lazy\" decoding=\"async\" class=\"aligncenter wp-image-12796\" src=\"https:\/\/blog.caritas.barcelona\/wp-content\/uploads\/sites\/2\/2023\/05\/futbol.jpg\" alt=\"\" width=\"768\" height=\"1024\" srcset=\"https:\/\/blog.caritas.barcelona\/wp-content\/uploads\/sites\/2\/2023\/05\/futbol.jpg 810w, https:\/\/blog.caritas.barcelona\/wp-content\/uploads\/sites\/2\/2023\/05\/futbol-225x300.jpg 225w, https:\/\/blog.caritas.barcelona\/wp-content\/uploads\/sites\/2\/2023\/05\/futbol-768x1024.jpg 768w\" sizes=\"auto, (max-width: 768px) 100vw, 768px\" \/><\/p>\n<p>&nbsp;<\/p>\n<p>Al final, hemos intentado, a trav\u00e9s del trabajo de C\u00e1ritas, pero tambi\u00e9n de otras entidades, as\u00ed como el trasfondo del servicio p\u00fablico que administra el sistema de protecci\u00f3n, <strong>ofrecer una visi\u00f3n global y comprender la realidad y las dificultades de estos j\u00f3venes al llegar<\/strong>, as\u00ed como el impacto que puede llegar a tener en sus familias.<\/p>\n<p>Esta experiencia nos ha permitido conocer las diferencias que hay entre Senegal y Espa\u00f1a, pero tambi\u00e9n entre otros pa\u00edses europeos como Francia. Diferencias a la hora de intervenir que tienen mucho que ver con aspectos culturales, sociales, demogr\u00e1ficos, econ\u00f3micos, de valores, de condiciones de vida o de oportunidades de futuro para los j\u00f3venes. Otros aprendizajes tienen que ver con los valores a los que damos realmente importancia y que marcan actitudes y comportamientos concretos, como puede ser la presi\u00f3n que sienten por parte de la familia, as\u00ed como esa especie de competici\u00f3n por mejorar aquello que consiguieron sus padres, de ah\u00ed ese af\u00e1n por llegar a Europa como meta.<\/p>\n<p>&nbsp;<\/p>\n<p><img loading=\"lazy\" decoding=\"async\" class=\"aligncenter wp-image-12800\" src=\"https:\/\/blog.caritas.barcelona\/wp-content\/uploads\/sites\/2\/2023\/05\/Passaraile-Cal-Manco.jpg\" alt=\"\" width=\"768\" height=\"1024\" srcset=\"https:\/\/blog.caritas.barcelona\/wp-content\/uploads\/sites\/2\/2023\/05\/Passaraile-Cal-Manco.jpg 810w, https:\/\/blog.caritas.barcelona\/wp-content\/uploads\/sites\/2\/2023\/05\/Passaraile-Cal-Manco-225x300.jpg 225w, https:\/\/blog.caritas.barcelona\/wp-content\/uploads\/sites\/2\/2023\/05\/Passaraile-Cal-Manco-768x1024.jpg 768w\" sizes=\"auto, (max-width: 768px) 100vw, 768px\" \/><\/p>\n<p>&nbsp;<\/p>\n<p>A lo largo de esta pasarela, tambi\u00e9n hemos podido entender incluso reacciones o actitudes de los j\u00f3venes, as\u00ed como el <strong>esfuerzo que supone adaptarse a la realidad con la que se encuentran al llegar a Europa con el objetivo com\u00fan de poder ayudar a mejorar la vida de su familia<\/strong>. Todos ellos son <strong>aspectos que ponemos sobre la mesa a la hora de plantearnos el tipo de acogida y acompa\u00f1amiento que hacemos desde nuestros proyectos<\/strong>, para saber si est\u00e1n bien dise\u00f1ados para dar respuesta a las necesidades, desde una mirada de atenci\u00f3n centrada en la persona, como marca nuestro propio modelo de acci\u00f3n social.<\/p>\n<p>En definitiva, gracias a la pasarela hemos tenido el privilegio de compartir con profesionales de Europa y \u00c1frica del Oeste y de rescatar un derecho tan b\u00e1sico como el de tener una vida digna y la voluntad y deseo de vivir en paz.<\/p>\n","protected":false},"excerpt":{"rendered":"<p>El proyecto Pasarela agrupa a diferentes entidades sociales europeas que trabajan con adolescentes y j\u00f3venes migrantes no acompa\u00f1ados. A partir del intercambio de conocimientos y experiencias de intervenci\u00f3n, tiene la finalidad de fortalecer y mejorar el acompa\u00f1amiento social y educativo de estos j\u00f3venes. Si el pasado a\u00f1o 2022 se realiz\u00f3 una inmersi\u00f3n de trabajadores y [&hellip;]<\/p>\n","protected":false},"author":4,"featured_media":12798,"comment_status":"open","ping_status":"open","sticky":false,"template":"","format":"standard","meta":{"footnotes":""},"categories":[31],"tags":[],"autor":[2065],"class_list":["post-12791","post","type-post","status-publish","format-standard","has-post-thumbnail","hentry","category-acogida-y-acompanamiento","autor-david-vazquez-es"],"aioseo_notices":[],"_links":{"self":[{"href":"https:\/\/blog.caritas.barcelona\/es\/wp-json\/wp\/v2\/posts\/12791","targetHints":{"allow":["GET"]}}],"collection":[{"href":"https:\/\/blog.caritas.barcelona\/es\/wp-json\/wp\/v2\/posts"}],"about":[{"href":"https:\/\/blog.caritas.barcelona\/es\/wp-json\/wp\/v2\/types\/post"}],"author":[{"embeddable":true,"href":"https:\/\/blog.caritas.barcelona\/es\/wp-json\/wp\/v2\/users\/4"}],"replies":[{"embeddable":true,"href":"https:\/\/blog.caritas.barcelona\/es\/wp-json\/wp\/v2\/comments?post=12791"}],"version-history":[{"count":5,"href":"https:\/\/blog.caritas.barcelona\/es\/wp-json\/wp\/v2\/posts\/12791\/revisions"}],"predecessor-version":[{"id":12810,"href":"https:\/\/blog.caritas.barcelona\/es\/wp-json\/wp\/v2\/posts\/12791\/revisions\/12810"}],"wp:featuredmedia":[{"embeddable":true,"href":"https:\/\/blog.caritas.barcelona\/es\/wp-json\/wp\/v2\/media\/12798"}],"wp:attachment":[{"href":"https:\/\/blog.caritas.barcelona\/es\/wp-json\/wp\/v2\/media?parent=12791"}],"wp:term":[{"taxonomy":"category","embeddable":true,"href":"https:\/\/blog.caritas.barcelona\/es\/wp-json\/wp\/v2\/categories?post=12791"},{"taxonomy":"post_tag","embeddable":true,"href":"https:\/\/blog.caritas.barcelona\/es\/wp-json\/wp\/v2\/tags?post=12791"},{"taxonomy":"autor","embeddable":true,"href":"https:\/\/blog.caritas.barcelona\/es\/wp-json\/wp\/v2\/autor?post=12791"}],"curies":[{"name":"wp","href":"https:\/\/api.w.org\/{rel}","templated":true}]}}