{"id":12729,"date":"2023-04-17T13:59:17","date_gmt":"2023-04-17T11:59:17","guid":{"rendered":"https:\/\/blog.caritas.barcelona\/?p=12729"},"modified":"2023-04-20T10:05:01","modified_gmt":"2023-04-20T08:05:01","slug":"7-de-cada-10-families-ateses-per-caritas-barcelona-redueixen-les-activitats-de-lleure-per-lescalada-de-preus","status":"publish","type":"post","link":"https:\/\/blog.caritas.barcelona\/es\/familia-e-infancia\/7-de-cada-10-families-ateses-per-caritas-barcelona-redueixen-les-activitats-de-lleure-per-lescalada-de-preus\/","title":{"rendered":"7 de cada 10 familias atendidas por C\u00e1ritas Barcelona reducen las actividades de ocio por la escalada de precios"},"content":{"rendered":"<p>Unas sesenta familias (250 personas) atendidas por C\u00e1ritas Diocesana de Barcelona han asistido de forma gratuita a una fiesta familiar y solidaria organizada por C\u00e1ritas y la Fundaci\u00f3n Brafa.<\/p>\n<p><img loading=\"lazy\" decoding=\"async\" class=\"size-full wp-image-12730 aligncenter\" src=\"https:\/\/blog.caritas.barcelona\/wp-content\/uploads\/sites\/2\/2023\/04\/IMG_3890-scaled-e1681732511880.jpg\" alt=\"\" width=\"768\" height=\"512\" \/><\/p>\n<p>Durante el encuentro, las familias han disfrutado de actividades de ocio, como por ejemplo f\u00fatbol, tirolinas, bolos, hinchables, ping-pong o magia, entre otras. Al finalizar la jornada, se ha organizado una comida popular. La fiesta se enmarca en la colaboraci\u00f3n que la Fundaci\u00f3n Brafa mantiene con C\u00e1ritas desde 2013, con el objetivo de ofrecer actividades l\u00fadicas a las familias m\u00e1s vulnerables. Desde C\u00e1ritas, se ha puesto de relieve la importancia de este evento, ya que a ra\u00edz de la inflaci\u00f3n<strong> 7 de cada 10 familias atendidas han reducido las actividades de ocio.<\/strong><\/p>\n<p>Tambi\u00e9n se ha hecho un retorno de las principales conclusiones del informe &#8220;Cuidar y crecer en fragilidad&#8221;, elaborado conjuntamente por C\u00e1ritas Barcelona y la Fundaci\u00f3n FOESSA, donde se encuestaron a 606 padres y madres y 464 ni\u00f1os y adolescentes atendidos por C\u00e1ritas. \u201cNos preocupa que 1 de cada 3 familias que atendemos no realicen salidas o excursiones con sus hijos. Por eso son tan importantes encuentros como este\u201d, ha afirmado Albert Frago, t\u00e9cnico del Programa de familias e infancia de C\u00e1ritas Barcelona. Adem\u00e1s, <strong>el informe apunta que solo 4 de cada 10 ni\u00f1os realizan alguna actividad extraescolar, cuando la media de la ciudad de Barcelona se sit\u00faa en 8 de cada 10.<\/strong><\/p>\n<p><img loading=\"lazy\" decoding=\"async\" class=\"size-full wp-image-12732 aligncenter\" src=\"https:\/\/blog.caritas.barcelona\/wp-content\/uploads\/sites\/2\/2023\/04\/IMG_3860-scaled-e1681732607708.jpg\" alt=\"\" width=\"768\" height=\"512\" \/><\/p>\n<p>La entidad considera que hay que ofrecer espacios de encuentro, donde los ni\u00f1os, pero tambi\u00e9n sus familias, puedan disfrutar de un rato de esparcimiento, lejos de las preocupaciones de su d\u00eda a d\u00eda. \u201cUn 31% de las familias que atendemos viven en una habitaci\u00f3n de un piso compartido, en situaci\u00f3n de hacinamiento y con personas desconocidas. Estas experiencias dificultan el desarrollo de los ni\u00f1os, y es necesario ofrecerles espacios de disfrute con la familia\u201d, ha dicho Frago. <strong>El informe de C\u00e1ritas tambi\u00e9n analiza el impacto de estas situaciones de pobreza en la salud mental, donde 3 de cada 5 ni\u00f1os y adolescentes atendidos por C\u00e1ritas viven en situaci\u00f3n de sufrimiento psicoemocional, triplicando la media de la poblaci\u00f3n infantil.<\/strong><\/p>\n<p>El director de C\u00e1ritas Diocesana de Barcelona, Salvador Busquets, ha pedido garantizar el acceso de ni\u00f1os y adolescentes en situaci\u00f3n de exclusi\u00f3n social a las mismas actividades extraescolar que el resto de los ni\u00f1os y adolescentes, apostando por la gratuidad o modelos de copago. \u201c<strong>Los ni\u00f1os y j\u00f3venes que hoy disfrutan del encuentro tambi\u00e9n merecen tener una infancia plena y feliz. La forma en que los acompa\u00f1amos durante su infancia y adolescencia ser\u00e1 clave para determinar su futuro<\/strong>. Desde C\u00e1ritas trabajamos incansablemente para que los ni\u00f1os y j\u00f3venes que acompa\u00f1amos tengan las mismas oportunidades que el resto, y que las condiciones econ\u00f3micas desfavorables de una familia no tengan que ser un freno en el desarrollo de estos ni\u00f1os y j\u00f3venes. Debemos poner freno a la transmisi\u00f3n intergeneracional de la pobreza\u201d, ha concluido Busquets.<\/p>\n<p><img loading=\"lazy\" decoding=\"async\" class=\"size-full wp-image-12734 aligncenter\" src=\"https:\/\/blog.caritas.barcelona\/wp-content\/uploads\/sites\/2\/2023\/04\/IMG_3845-scaled-e1681732651317.jpg\" alt=\"\" width=\"768\" height=\"512\" \/><\/p>\n","protected":false},"excerpt":{"rendered":"<p>Unas sesenta familias (250 personas) atendidas por C\u00e1ritas Diocesana de Barcelona han asistido de forma gratuita a una fiesta familiar y solidaria organizada por C\u00e1ritas y la Fundaci\u00f3n Brafa. Durante el encuentro, las familias han disfrutado de actividades de ocio, como por ejemplo f\u00fatbol, tirolinas, bolos, hinchables, ping-pong o magia, entre otras. Al finalizar la [&hellip;]<\/p>\n","protected":false},"author":4,"featured_media":12734,"comment_status":"open","ping_status":"open","sticky":false,"template":"","format":"standard","meta":{"footnotes":""},"categories":[28],"tags":[],"autor":[36],"class_list":["post-12729","post","type-post","status-publish","format-standard","has-post-thumbnail","hentry","category-familia-e-infancia","autor-caritas-diocesana-de-barcelona-es"],"aioseo_notices":[],"_links":{"self":[{"href":"https:\/\/blog.caritas.barcelona\/es\/wp-json\/wp\/v2\/posts\/12729","targetHints":{"allow":["GET"]}}],"collection":[{"href":"https:\/\/blog.caritas.barcelona\/es\/wp-json\/wp\/v2\/posts"}],"about":[{"href":"https:\/\/blog.caritas.barcelona\/es\/wp-json\/wp\/v2\/types\/post"}],"author":[{"embeddable":true,"href":"https:\/\/blog.caritas.barcelona\/es\/wp-json\/wp\/v2\/users\/4"}],"replies":[{"embeddable":true,"href":"https:\/\/blog.caritas.barcelona\/es\/wp-json\/wp\/v2\/comments?post=12729"}],"version-history":[{"count":5,"href":"https:\/\/blog.caritas.barcelona\/es\/wp-json\/wp\/v2\/posts\/12729\/revisions"}],"predecessor-version":[{"id":12744,"href":"https:\/\/blog.caritas.barcelona\/es\/wp-json\/wp\/v2\/posts\/12729\/revisions\/12744"}],"wp:featuredmedia":[{"embeddable":true,"href":"https:\/\/blog.caritas.barcelona\/es\/wp-json\/wp\/v2\/media\/12734"}],"wp:attachment":[{"href":"https:\/\/blog.caritas.barcelona\/es\/wp-json\/wp\/v2\/media?parent=12729"}],"wp:term":[{"taxonomy":"category","embeddable":true,"href":"https:\/\/blog.caritas.barcelona\/es\/wp-json\/wp\/v2\/categories?post=12729"},{"taxonomy":"post_tag","embeddable":true,"href":"https:\/\/blog.caritas.barcelona\/es\/wp-json\/wp\/v2\/tags?post=12729"},{"taxonomy":"autor","embeddable":true,"href":"https:\/\/blog.caritas.barcelona\/es\/wp-json\/wp\/v2\/autor?post=12729"}],"curies":[{"name":"wp","href":"https:\/\/api.w.org\/{rel}","templated":true}]}}