{"id":12687,"date":"2023-03-31T12:23:32","date_gmt":"2023-03-31T10:23:32","guid":{"rendered":"https:\/\/blog.caritas.barcelona\/?p=12687"},"modified":"2023-03-31T12:23:32","modified_gmt":"2023-03-31T10:23:32","slug":"los-medios-de-comunicacion-deben-estar-cerca-del-ciudadano","status":"publish","type":"post","link":"https:\/\/blog.caritas.barcelona\/es\/entidades-con-corazon\/los-medios-de-comunicacion-deben-estar-cerca-del-ciudadano\/","title":{"rendered":"&#8220;Los medios de comunicaci\u00f3n deben estar cerca del ciudadano&#8221;"},"content":{"rendered":"<p>Carlos Losada, responsable de informativos de COPE Catalunya, habla con C\u00e1ritas Diocesana de Barcelona sobre la importancia de las noticias de \u00e1mbito social, la presencia informativa de C\u00e1ritas en la COPE y los retos de futuro en los medios de comunicaci\u00f3n. Desde el a\u00f1o 2014, COPE Catalunya y Andorra es una <a href=\"https:\/\/caritas.barcelona\/es\/entidades-con-corazon\/\" target=\"_blank\" rel=\"noopener\">Entitat amb Cor<\/a>, ya que colabora a diario con C\u00e1ritas Barcelona haciendo difusi\u00f3n de todas aquellas actividades que la entidad lleva a cabo.<\/p>\n<p style=\"text-align: center\"><img loading=\"lazy\" decoding=\"async\" class=\"size-full wp-image-12679 aligncenter\" src=\"https:\/\/blog.caritas.barcelona\/wp-content\/uploads\/sites\/2\/2023\/03\/20230313_165254-1-rotated-e1680257936286.jpg\" alt=\"\" width=\"576\" height=\"768\" \/><\/p>\n<p><strong>\u00bfCu\u00e1l es tu funci\u00f3n como jefe de informativos de COPE Catalunya?<\/strong><\/p>\n<p>Mi funci\u00f3n es coordinar y marcar las l\u00edneas generales de los servicios informativos y programas de COPE Catalunya. Actuamos como una redacci\u00f3n \u00fanica, ya que, a pesar de tener la redacci\u00f3n de informativos y la redacci\u00f3n de programas, trabajamos conjuntamente. Intentamos tratar temas sociales durante todo el d\u00eda, de modo que una cuesti\u00f3n puede aparecer en el magac\u00edn de la ma\u00f1ana, ampliarse al mediod\u00eda con una entrevista, y por la tarde volvemos a incidir desde un prisma diferente.<\/p>\n<p><strong>\u00bfPor qu\u00e9 se ha decidido apostar m\u00e1s por las noticias de \u00e1mbito social?<\/strong><\/p>\n<p>La radio debe estar cerca del ciudadano, tratando aquellos problemas que afectan a su d\u00eda a d\u00eda. Muchos estudios indican que la ciudadan\u00eda est\u00e1 alejada de la pol\u00edtica, y que cuando escuchan a un pol\u00edtico en antena, cambian de emisora. Actualmente, tenemos los tres grandes temas del d\u00eda, que intentamos que sean sociales, de actualidad, que interesen a nuestros oyentes. No obviamos la actualidad, pero queremos poner el foco en otras cuestiones que quiz\u00e1s pasan m\u00e1s desapercibidas. Estamos satisfechos con el resultado y el <em>feedback<\/em> que recibimos de los oyentes es bueno.<\/p>\n<p><strong>\u00bfEres jefe de informativos de COPE Catalunya desde hace casi 30 a\u00f1os, c\u00f3mo definir\u00edas tu carrera?<\/strong><\/p>\n<p>Ha sido una carrera de picar piedra, y la pasi\u00f3n de ser periodista la vivo desde muy joven. Antes de llegar a la COPE estuve en Cadena SER Girona, encarg\u00e1ndome de la creaci\u00f3n de los informativos. Tambi\u00e9n estuve en Radio Minuto, en Barcelona, de donde salieron periodistas importantes como Toni Clap\u00e9s, Riqui Romero&#8230; Posteriormente, el jefe de la SER Girona se fue a la COPE, y me invit\u00f3 a coordinar los informativos. Desde entonces, estoy aqu\u00ed.<\/p>\n<p style=\"text-align: center\"><img loading=\"lazy\" decoding=\"async\" class=\"size-full wp-image-12681 aligncenter\" src=\"https:\/\/blog.caritas.barcelona\/wp-content\/uploads\/sites\/2\/2023\/03\/20230313_162107-1-e1680257893461.jpg\" alt=\"\" width=\"768\" height=\"576\" srcset=\"https:\/\/blog.caritas.barcelona\/wp-content\/uploads\/sites\/2\/2023\/03\/20230313_162107-1-e1680257893461.jpg 768w, https:\/\/blog.caritas.barcelona\/wp-content\/uploads\/sites\/2\/2023\/03\/20230313_162107-1-e1680257893461-300x225.jpg 300w\" sizes=\"auto, (max-width: 768px) 100vw, 768px\" \/><\/p>\n<p><strong>\u00bfC\u00f3mo definir\u00edas al oyente de la COPE?<\/strong><\/p>\n<p>Lo situar\u00eda en una edad que va de los 40 hasta los 65-70 a\u00f1os&#8230; Una persona formada, con una cultura general amplia. Tambi\u00e9n tenemos a j\u00f3venes que nos siguen por nuestros programas de deportes, que es una franja de edad que hasta hace poco no cubr\u00edamos. Creo que tenemos un p\u00fablico muy heterog\u00e9neo, muy amplio, que situar\u00eda en la clase media o media alta. Aunque hay oyentes que efectivamente nos siguen por ser una radio de concepci\u00f3n cat\u00f3lica, \u00e9ste no es un rasgo que defina a la totalidad de nuestros seguidores.<\/p>\n<p><strong>La presencia de C\u00e1ritas en la COPE es diaria. \u00bfQu\u00e9 crees que ofrece C\u00e1ritas como entidad social?<\/strong><\/p>\n<p>C\u00e1ritas ofrece solvencia. Es sin\u00f3nimo de gente solvente, segura. Siempre que alguien llama a la radio pidiendo ayuda les digo que en C\u00e1ritas le informar\u00e1n, le orientar\u00e1n bien, y que encontrar\u00e1 profesionales que vienen a servir a la gente, no a servirse. Colaborar con C\u00e1ritas significa solidaridad, y con esta colaboraci\u00f3n se consigue mejorar la vida de muchas personas.<\/p>\n<p><strong>\u00bfQu\u00e9 pedir\u00edas a las instituciones para resolver las situaciones de pobreza?<\/strong><\/p>\n<p>Que inviertan m\u00e1s dinero, sobre todo en educaci\u00f3n. Es importante una formaci\u00f3n de ni\u00f1os y j\u00f3venes en valores firmes, que sean personas solidarias, comprometidas. Yo soy un gran defensor de la asignatura de religi\u00f3n, ya que aporta valores y contenidos que no te puede darles ninguna otra materia. Lo que deben hacer las administraciones es eso, potenciar la educaci\u00f3n en todos los sentidos.<\/p>\n","protected":false},"excerpt":{"rendered":"<p>Carlos Losada, responsable de informativos de COPE Catalunya, habla con C\u00e1ritas Diocesana de Barcelona sobre la importancia de las noticias de \u00e1mbito social, la presencia informativa de C\u00e1ritas en la COPE y los retos de futuro en los medios de comunicaci\u00f3n. Desde el a\u00f1o 2014, COPE Catalunya y Andorra es una Entitat amb Cor, ya [&hellip;]<\/p>\n","protected":false},"author":4,"featured_media":12682,"comment_status":"open","ping_status":"open","sticky":false,"template":"","format":"standard","meta":{"footnotes":""},"categories":[22],"tags":[],"autor":[36],"class_list":["post-12687","post","type-post","status-publish","format-standard","has-post-thumbnail","hentry","category-entidades-con-corazon","autor-caritas-diocesana-de-barcelona-es"],"aioseo_notices":[],"_links":{"self":[{"href":"https:\/\/blog.caritas.barcelona\/es\/wp-json\/wp\/v2\/posts\/12687","targetHints":{"allow":["GET"]}}],"collection":[{"href":"https:\/\/blog.caritas.barcelona\/es\/wp-json\/wp\/v2\/posts"}],"about":[{"href":"https:\/\/blog.caritas.barcelona\/es\/wp-json\/wp\/v2\/types\/post"}],"author":[{"embeddable":true,"href":"https:\/\/blog.caritas.barcelona\/es\/wp-json\/wp\/v2\/users\/4"}],"replies":[{"embeddable":true,"href":"https:\/\/blog.caritas.barcelona\/es\/wp-json\/wp\/v2\/comments?post=12687"}],"version-history":[{"count":2,"href":"https:\/\/blog.caritas.barcelona\/es\/wp-json\/wp\/v2\/posts\/12687\/revisions"}],"predecessor-version":[{"id":12689,"href":"https:\/\/blog.caritas.barcelona\/es\/wp-json\/wp\/v2\/posts\/12687\/revisions\/12689"}],"wp:featuredmedia":[{"embeddable":true,"href":"https:\/\/blog.caritas.barcelona\/es\/wp-json\/wp\/v2\/media\/12682"}],"wp:attachment":[{"href":"https:\/\/blog.caritas.barcelona\/es\/wp-json\/wp\/v2\/media?parent=12687"}],"wp:term":[{"taxonomy":"category","embeddable":true,"href":"https:\/\/blog.caritas.barcelona\/es\/wp-json\/wp\/v2\/categories?post=12687"},{"taxonomy":"post_tag","embeddable":true,"href":"https:\/\/blog.caritas.barcelona\/es\/wp-json\/wp\/v2\/tags?post=12687"},{"taxonomy":"autor","embeddable":true,"href":"https:\/\/blog.caritas.barcelona\/es\/wp-json\/wp\/v2\/autor?post=12687"}],"curies":[{"name":"wp","href":"https:\/\/api.w.org\/{rel}","templated":true}]}}