{"id":12607,"date":"2023-02-17T13:08:15","date_gmt":"2023-02-17T12:08:15","guid":{"rendered":"https:\/\/blog.caritas.barcelona\/?p=12607"},"modified":"2023-02-20T10:09:24","modified_gmt":"2023-02-20T09:09:24","slug":"que-hacemos-en-caritas-por-los-derechos-de-los-ninos-y-ninas","status":"publish","type":"post","link":"https:\/\/blog.caritas.barcelona\/es\/familia-e-infancia\/que-hacemos-en-caritas-por-los-derechos-de-los-ninos-y-ninas\/","title":{"rendered":"\u00bfQu\u00e9 hacemos en C\u00e1ritas por los derechos de los ni\u00f1os y ni\u00f1as?"},"content":{"rendered":"<p>En C\u00e1ritas trabajamos desde un enfoque de derechos humanos y eso significa que <strong>acompa\u00f1amos a las personas para que puedan acceder de una forma real y efectiva<\/strong> <strong>y que puedan reivindicarlos cuando no tienen acceso<\/strong>. \u00bfPero c\u00f3mo lo hacemos cuando hablamos de ni\u00f1os, ni\u00f1as y adolescentes?<\/p>\n<p><img loading=\"lazy\" decoding=\"async\" class=\"size-full wp-image-9099 aligncenter\" src=\"https:\/\/blog.caritas.barcelona\/wp-content\/uploads\/sites\/2\/2020\/01\/13_CARITAS_FAMILIAS-E-INFANCIA_Mingo-Venero_72ppp-e1676635302206.jpg\" alt=\"\" width=\"768\" height=\"512\" srcset=\"https:\/\/blog.caritas.barcelona\/wp-content\/uploads\/sites\/2\/2020\/01\/13_CARITAS_FAMILIAS-E-INFANCIA_Mingo-Venero_72ppp-e1676635302206.jpg 768w, https:\/\/blog.caritas.barcelona\/wp-content\/uploads\/sites\/2\/2020\/01\/13_CARITAS_FAMILIAS-E-INFANCIA_Mingo-Venero_72ppp-e1676635302206-300x200.jpg 300w\" sizes=\"auto, (max-width: 768px) 100vw, 768px\" \/><\/p>\n<p>Lo primero que debemos tener presente es que los ni\u00f1os y adolescentes <strong>son sujetos de derecho<\/strong> y esto significa que han podido acceder a sus derechos por s\u00ed mismos y no como subsidiarios de los derechos de sus progenitores o cuidadores. En nuestro d\u00eda a d\u00eda acompa\u00f1ando a ni\u00f1os, ni\u00f1as, adolescentes y sus familias nos encontramos en casos paradigm\u00e1ticos de los que esto no siempre es as\u00ed. Un ejemplo claro es c\u00f3mo la <strong>dificultad de acceso de los progenitores<\/strong> en algunas poblaciones del \u00e1rea metropolitana de Barcelona <strong>al padr\u00f3n municipal<\/strong>, <strong>condiciona el acceso de sus hijos a algunos derechos b\u00e1sicos<\/strong>. Es el caso del acceso a la atenci\u00f3n sanitaria porque no pueden acceder a la tarjeta sanitaria y, por tanto, a un seguimiento pedi\u00e1trico normalizado. Otra situaci\u00f3n de la que estamos siendo testigos desde nuestros puntos de atenci\u00f3n es el retraso, por el mismo motivo, en la asignaci\u00f3n de plaza en el sistema educativo a los ni\u00f1os de reciente llegada. Este retraso puede comportar en algunas ocasiones la p\u00e9rdida de un curso acad\u00e9mico y retrasa tambi\u00e9n el proceso de integraci\u00f3n social del ni\u00f1o.<\/p>\n<p>Otro aspecto limitante de los derechos de los ni\u00f1os lo captamos cuando sus progenitores se encuentran en situaci\u00f3n administrativa irregular, hecho que condiciona el acceso a los derechos tambi\u00e9n de los ni\u00f1os, como por ejemplo el acceso a la vivienda o el <strong>acceso a regularizar la su propia situaci\u00f3n administrativa en el pa\u00eds.<\/strong><\/p>\n<p><img loading=\"lazy\" decoding=\"async\" class=\"size-full wp-image-12208 aligncenter\" src=\"https:\/\/blog.caritas.barcelona\/wp-content\/uploads\/sites\/2\/2022\/09\/20220729_CO_BARCELONETA_SORTIDA_LLEURE_@DANI_CODINA-27-scaled-e1676635655544.jpg\" alt=\"\" width=\"768\" height=\"576\" \/><\/p>\n<p>Estas situaciones que exponemos son provocadas por la <strong>carencia de \u201cperspectiva de infancia\u201d en las pol\u00edticas p\u00fablicas.<\/strong> Recordemos que ante cualquier iniciativa, legislaci\u00f3n o decisi\u00f3n deber\u00edamos preguntarnos si realmente tiene en cuenta \u201cel inter\u00e9s superior del ni\u00f1o\u201d recogida en la convenci\u00f3n de los derechos del ni\u00f1o. Tambi\u00e9n deber\u00edamos promover la participaci\u00f3n de los ni\u00f1os, ni\u00f1as y adolescentes en todo lo que tiene unas repercusiones en su vida.<\/p>\n<p>Pero \u00e9ste no es el \u00fanico aspecto que condiciona que los ni\u00f1os y adolescentes que viven situaciones de vulnerabilidad social puedan disfrutar de sus derechos de forma efectiva. Muchas veces acceden a ella, pero <strong>no lo hacen con las mismas oportunidades que el resto de ni\u00f1os y adolescentes.<\/strong> La educaci\u00f3n, el acceso al ocio educativo, la vivienda, la cultura, el juego, se ven muchas veces condicionados por la situaci\u00f3n socioecon\u00f3mica de las familias y esto en un contexto en el que el <strong>29,3% de los ni\u00f1os y adolescentes se encuentran en riesgo de pobreza<\/strong> seg\u00fan datos del \u00faltimo informe del S\u00edndic de Greuges sobre la situaci\u00f3n de los derechos de los ni\u00f1os.<\/p>\n<p><img loading=\"lazy\" decoding=\"async\" class=\"size-full wp-image-12272 aligncenter\" src=\"https:\/\/blog.caritas.barcelona\/wp-content\/uploads\/sites\/2\/2022\/10\/20201021_REFORC\u0327_PARROQUIA_SANTA_MARIA_MAGDALENA_@DANI_CODINA-38-scaled-e1676635681861.jpg\" alt=\"\" width=\"768\" height=\"576\" \/><\/p>\n<p>Ante esta situaci\u00f3n, desde C\u00e1ritas nos ponemos junto a los ni\u00f1os, adolescentes y sus familias para:<\/p>\n<ul>\n<li><strong>Proponer que se tenga en cuenta la perspectiva de infancia<\/strong> y la participaci\u00f3n de los ni\u00f1os, ni\u00f1as y adolescentes en las iniciativas legislativas y las pol\u00edticas p\u00fablicas.<\/li>\n<li><strong>Reivindicar pol\u00edticas de apoyo a la familia<\/strong> que mitiguen esa desigualdad de oportunidades en el acceso a algunos derechos.<\/li>\n<li><strong>Acompa\u00f1arlos<\/strong> en sus procesos educativos desde los proyectos de atenci\u00f3n espec\u00edficos para ni\u00f1os, adolescentes y familias.<\/li>\n<li><strong>Promover la cultura de la participaci\u00f3n<\/strong> tanto a trav\u00e9s de las asambleas de ni\u00f1os en nuestros proyectos como en los procesos de trabajo comunitario.<\/li>\n<\/ul>\n","protected":false},"excerpt":{"rendered":"<p>En C\u00e1ritas trabajamos desde un enfoque de derechos humanos y eso significa que acompa\u00f1amos a las personas para que puedan acceder de una forma real y efectiva y que puedan reivindicarlos cuando no tienen acceso. \u00bfPero c\u00f3mo lo hacemos cuando hablamos de ni\u00f1os, ni\u00f1as y adolescentes? Lo primero que debemos tener presente es que los [&hellip;]<\/p>\n","protected":false},"author":4,"featured_media":9099,"comment_status":"open","ping_status":"open","sticky":false,"template":"","format":"standard","meta":{"footnotes":""},"categories":[28],"tags":[],"autor":[2015],"class_list":["post-12607","post","type-post","status-publish","format-standard","has-post-thumbnail","hentry","category-familia-e-infancia","autor-albert-frago-2"],"aioseo_notices":[],"_links":{"self":[{"href":"https:\/\/blog.caritas.barcelona\/es\/wp-json\/wp\/v2\/posts\/12607","targetHints":{"allow":["GET"]}}],"collection":[{"href":"https:\/\/blog.caritas.barcelona\/es\/wp-json\/wp\/v2\/posts"}],"about":[{"href":"https:\/\/blog.caritas.barcelona\/es\/wp-json\/wp\/v2\/types\/post"}],"author":[{"embeddable":true,"href":"https:\/\/blog.caritas.barcelona\/es\/wp-json\/wp\/v2\/users\/4"}],"replies":[{"embeddable":true,"href":"https:\/\/blog.caritas.barcelona\/es\/wp-json\/wp\/v2\/comments?post=12607"}],"version-history":[{"count":4,"href":"https:\/\/blog.caritas.barcelona\/es\/wp-json\/wp\/v2\/posts\/12607\/revisions"}],"predecessor-version":[{"id":12614,"href":"https:\/\/blog.caritas.barcelona\/es\/wp-json\/wp\/v2\/posts\/12607\/revisions\/12614"}],"wp:featuredmedia":[{"embeddable":true,"href":"https:\/\/blog.caritas.barcelona\/es\/wp-json\/wp\/v2\/media\/9099"}],"wp:attachment":[{"href":"https:\/\/blog.caritas.barcelona\/es\/wp-json\/wp\/v2\/media?parent=12607"}],"wp:term":[{"taxonomy":"category","embeddable":true,"href":"https:\/\/blog.caritas.barcelona\/es\/wp-json\/wp\/v2\/categories?post=12607"},{"taxonomy":"post_tag","embeddable":true,"href":"https:\/\/blog.caritas.barcelona\/es\/wp-json\/wp\/v2\/tags?post=12607"},{"taxonomy":"autor","embeddable":true,"href":"https:\/\/blog.caritas.barcelona\/es\/wp-json\/wp\/v2\/autor?post=12607"}],"curies":[{"name":"wp","href":"https:\/\/api.w.org\/{rel}","templated":true}]}}