{"id":12469,"date":"2022-12-01T09:46:15","date_gmt":"2022-12-01T08:46:15","guid":{"rendered":"https:\/\/blog.caritas.barcelona\/?p=12469"},"modified":"2022-12-01T15:27:14","modified_gmt":"2022-12-01T14:27:14","slug":"5-de-diciembre-dia-internacional-del-voluntariado","status":"publish","type":"post","link":"https:\/\/blog.caritas.barcelona\/es\/voluntariado\/5-de-diciembre-dia-internacional-del-voluntariado\/","title":{"rendered":"5 de diciembre &#8211; D\u00eda Internacional del Voluntariado"},"content":{"rendered":"<p><em>\u201cNo son los resultados los que nos mueven, cumplir objetivos programados, sino ponernos ante aquella persona que est\u00e1 rota, que no encuentra lugar, acogerla, abrir para ella caminos de restauraci\u00f3n, de forma que pueda encontrarse en s\u00ed misma, ser capaz, a pesar de sus limitaciones y las nuestras, de buscar su lugar y de abrirse a los otros y a Dios. (\u2026) Jes\u00fas nos lo dice claramente, con su vida y con su obra, que no basta \u201cdar\u201d, hay que \u201cdarse\u201d. La caridad supone siempre una donaci\u00f3n oblativa de la propia vida. Y esto ser\u00e1 significativo, m\u00e1s all\u00e1 de la acci\u00f3n concreta, cuando ofrezca a la persona una puerta abierta hacia una nueva vida.\u201d<\/em><\/p>\n<p>(Discurso del Papa Francisco en la Delegaci\u00f3n de C\u00e1ritas Espa\u00f1ola en el Vaticano, 5 de septiembre de 2022)<\/p>\n<p><img loading=\"lazy\" decoding=\"async\" class=\"alignleft size-full wp-image-11416\" src=\"https:\/\/blog.caritas.barcelona\/wp-content\/uploads\/sites\/2\/2021\/12\/12_VOLUNTARIADO_Mingo-Venero_72ppp-e1638447035906.jpg\" alt=\"\" width=\"768\" height=\"512\" \/><\/p>\n<p>&nbsp;<\/p>\n<p><strong>A TODAS LAS PERSONAS VOLUNTARIAS, VIG\u00cdAS DE LA ESPERANZA<\/strong><\/p>\n<p><strong>Gracias por estar.<\/strong> Vuestra mirada siempre est\u00e1 atenta a lo que pasa y todo eso que tambi\u00e9n pasa y se ve menos. Sois vig\u00edas de la realidad social, vuestra manera de ser y de hacer os hacen testigos privilegiados de una realidad que no siempre queremos ver. <strong>No os conform\u00e1is con lo que veis, sino que os compromet\u00e9is a transformarlo.<\/strong><\/p>\n<p><strong>Gracias por vuestro compromiso<\/strong>, porque dec\u00eds haciendo, con vuestros gestos y acciones cotidianas, y esto nos interpela y anima a denunciar los mecanismos que generan injusticia. Nos alent\u00e1is a continuar trabajando por la justicia social, a buscar los porqu\u00e9s del dolor y del sufrimiento de las personas m\u00e1s vulnerables. <strong>Continu\u00e1is construyendo puentes entre la fragilidad y la orilla de las oportunidades y del bienestar.<\/strong><\/p>\n<p><strong>Gracias para facilitar espacios de vida y acogida, de convivencia positiva, de compartir el tiempo.<\/strong> Dais calor a los lugares de encuentro, compartiendo con qui\u00e9n carece de espacios donde nutrir las relaciones sociales y los v\u00ednculos de confianza. Sois germen invisible de fraternidad para ayudarnos a comprender que la din\u00e1mica de dar y recibir es reciprocidad encarnada.<\/p>\n<p>Gracias, en definitiva, porque vuestra acci\u00f3n cotidiana, callada y generosa, es anuncio y esperanza de una nueva realidad que es posible y que tiene que continuar creciendo y ganando espacios a la injusticia y al dolor.<\/p>\n<p><strong>Queremos animaros a que continu\u00e9is avanzando por este camino, no exento de dificultades y desalientos. No dej\u00e9is de buscar el bien grande cada d\u00eda.<\/strong><\/p>\n<p><img loading=\"lazy\" decoding=\"async\" class=\"alignleft size-full wp-image-12478\" src=\"https:\/\/blog.caritas.barcelona\/wp-content\/uploads\/sites\/2\/2022\/12\/20220622_ACTE_INSTITUCIONAL_CLOENDA_CURS_2021_2022-176-scaled-e1669904016363.jpg\" alt=\"\" width=\"768\" height=\"512\" \/><\/p>\n","protected":false},"excerpt":{"rendered":"<p>\u201cNo son los resultados los que nos mueven, cumplir objetivos programados, sino ponernos ante aquella persona que est\u00e1 rota, que no encuentra lugar, acogerla, abrir para ella caminos de restauraci\u00f3n, de forma que pueda encontrarse en s\u00ed misma, ser capaz, a pesar de sus limitaciones y las nuestras, de buscar su lugar y de abrirse [&hellip;]<\/p>\n","protected":false},"author":4,"featured_media":12475,"comment_status":"open","ping_status":"open","sticky":false,"template":"","format":"standard","meta":{"footnotes":""},"categories":[23],"tags":[],"autor":[36],"class_list":["post-12469","post","type-post","status-publish","format-standard","has-post-thumbnail","hentry","category-voluntariado","autor-caritas-diocesana-de-barcelona-es"],"aioseo_notices":[],"_links":{"self":[{"href":"https:\/\/blog.caritas.barcelona\/es\/wp-json\/wp\/v2\/posts\/12469","targetHints":{"allow":["GET"]}}],"collection":[{"href":"https:\/\/blog.caritas.barcelona\/es\/wp-json\/wp\/v2\/posts"}],"about":[{"href":"https:\/\/blog.caritas.barcelona\/es\/wp-json\/wp\/v2\/types\/post"}],"author":[{"embeddable":true,"href":"https:\/\/blog.caritas.barcelona\/es\/wp-json\/wp\/v2\/users\/4"}],"replies":[{"embeddable":true,"href":"https:\/\/blog.caritas.barcelona\/es\/wp-json\/wp\/v2\/comments?post=12469"}],"version-history":[{"count":6,"href":"https:\/\/blog.caritas.barcelona\/es\/wp-json\/wp\/v2\/posts\/12469\/revisions"}],"predecessor-version":[{"id":12486,"href":"https:\/\/blog.caritas.barcelona\/es\/wp-json\/wp\/v2\/posts\/12469\/revisions\/12486"}],"wp:featuredmedia":[{"embeddable":true,"href":"https:\/\/blog.caritas.barcelona\/es\/wp-json\/wp\/v2\/media\/12475"}],"wp:attachment":[{"href":"https:\/\/blog.caritas.barcelona\/es\/wp-json\/wp\/v2\/media?parent=12469"}],"wp:term":[{"taxonomy":"category","embeddable":true,"href":"https:\/\/blog.caritas.barcelona\/es\/wp-json\/wp\/v2\/categories?post=12469"},{"taxonomy":"post_tag","embeddable":true,"href":"https:\/\/blog.caritas.barcelona\/es\/wp-json\/wp\/v2\/tags?post=12469"},{"taxonomy":"autor","embeddable":true,"href":"https:\/\/blog.caritas.barcelona\/es\/wp-json\/wp\/v2\/autor?post=12469"}],"curies":[{"name":"wp","href":"https:\/\/api.w.org\/{rel}","templated":true}]}}