{"id":12365,"date":"2019-11-11T08:44:16","date_gmt":"2019-11-11T07:44:16","guid":{"rendered":"https:\/\/blog.caritas.barcelona\/?p=12365"},"modified":"2022-11-11T08:56:59","modified_gmt":"2022-11-11T07:56:59","slug":"descarregar-manual-corona-advent","status":"publish","type":"post","link":"https:\/\/blog.caritas.barcelona\/es\/acogida-y-acompanamiento\/descarregar-manual-corona-advent\/","title":{"rendered":"Descarrega aqu\u00ed el manual de la corona d&#8217;Advent"},"content":{"rendered":"<p>T&#8217;agradaria crear una corona d&#8217;Advent \u00fanica i personalitzada? Des de C\u00e0ritas\u00a0 hem preparat exclusivament per a tu un manual on t&#8217;expliquem el pas a pas amb tota mena de detall. Descarrega <a href=\"https:\/\/blog.caritas.barcelona\/wp-content\/uploads\/sites\/2\/2022\/11\/CORONA-DADVENT.pdf\"><strong>AQU\u00cd<\/strong><\/a> el manual i comen\u00e7a a preparar la teva corona d&#8217;Advent. Sorprendr\u00e0 a tothom!<\/p>\n","protected":false},"excerpt":{"rendered":"<p>T&#8217;agradaria crear una corona d&#8217;Advent \u00fanica i personalitzada? Des de C\u00e0ritas\u00a0 hem preparat exclusivament per a tu un manual on t&#8217;expliquem el pas a pas amb tota mena de detall. Descarrega AQU\u00cd el manual i comen\u00e7a a preparar la teva corona d&#8217;Advent. Sorprendr\u00e0 a tothom!<\/p>\n","protected":false},"author":4,"featured_media":0,"comment_status":"open","ping_status":"open","sticky":false,"template":"","format":"standard","meta":{"footnotes":""},"categories":[31],"tags":[],"autor":[],"class_list":["post-12365","post","type-post","status-publish","format-standard","hentry","category-acogida-y-acompanamiento"],"aioseo_notices":[],"_links":{"self":[{"href":"https:\/\/blog.caritas.barcelona\/es\/wp-json\/wp\/v2\/posts\/12365","targetHints":{"allow":["GET"]}}],"collection":[{"href":"https:\/\/blog.caritas.barcelona\/es\/wp-json\/wp\/v2\/posts"}],"about":[{"href":"https:\/\/blog.caritas.barcelona\/es\/wp-json\/wp\/v2\/types\/post"}],"author":[{"embeddable":true,"href":"https:\/\/blog.caritas.barcelona\/es\/wp-json\/wp\/v2\/users\/4"}],"replies":[{"embeddable":true,"href":"https:\/\/blog.caritas.barcelona\/es\/wp-json\/wp\/v2\/comments?post=12365"}],"version-history":[{"count":4,"href":"https:\/\/blog.caritas.barcelona\/es\/wp-json\/wp\/v2\/posts\/12365\/revisions"}],"predecessor-version":[{"id":12371,"href":"https:\/\/blog.caritas.barcelona\/es\/wp-json\/wp\/v2\/posts\/12365\/revisions\/12371"}],"wp:attachment":[{"href":"https:\/\/blog.caritas.barcelona\/es\/wp-json\/wp\/v2\/media?parent=12365"}],"wp:term":[{"taxonomy":"category","embeddable":true,"href":"https:\/\/blog.caritas.barcelona\/es\/wp-json\/wp\/v2\/categories?post=12365"},{"taxonomy":"post_tag","embeddable":true,"href":"https:\/\/blog.caritas.barcelona\/es\/wp-json\/wp\/v2\/tags?post=12365"},{"taxonomy":"autor","embeddable":true,"href":"https:\/\/blog.caritas.barcelona\/es\/wp-json\/wp\/v2\/autor?post=12365"}],"curies":[{"name":"wp","href":"https:\/\/api.w.org\/{rel}","templated":true}]}}