{"id":12210,"date":"2022-09-05T12:04:04","date_gmt":"2022-09-05T10:04:04","guid":{"rendered":"https:\/\/blog.caritas.barcelona\/?p=12210"},"modified":"2022-09-05T12:04:04","modified_gmt":"2022-09-05T10:04:04","slug":"1-de-cada-2-familias-con-menores-del-area-de-barcelona-han-reducido-las-actividades-de-ocio-por-motivos-economicos","status":"publish","type":"post","link":"https:\/\/blog.caritas.barcelona\/es\/familia-e-infancia\/1-de-cada-2-familias-con-menores-del-area-de-barcelona-han-reducido-las-actividades-de-ocio-por-motivos-economicos\/","title":{"rendered":"1 de cada 2 familias con menores del \u00e1rea de Barcelona han reducido las actividades de ocio por motivos econ\u00f3micos"},"content":{"rendered":"<p>Durante los meses de verano, m\u00e1s de 400 ni\u00f1os y j\u00f3venes atendidos por C\u00e1ritas Barcelona participan en centros abiertos, casales y estadas deportivas para disfrutar de actividades de ocio gratuitas<\/p>\n<p><img loading=\"lazy\" decoding=\"async\" class=\"size-full wp-image-12203 aligncenter\" src=\"https:\/\/blog.caritas.barcelona\/wp-content\/uploads\/sites\/2\/2022\/09\/20220729_CO_BARCELONETA_SORTIDA_LLEURE_@DANI_CODINA-29-scaled-e1662371896672.jpg\" alt=\"\" width=\"768\" height=\"576\" \/><\/p>\n<p><b><span data-contrast=\"auto\">Barcelona, <\/span><\/b><b><span data-contrast=\"auto\">\u200b\u200b<\/span><\/b><b><span data-contrast=\"auto\">29 de agosto de 2022<\/span><\/b><span data-contrast=\"auto\"> \u2013 Este verano, <\/span><b><span data-contrast=\"auto\">m\u00e1s de 400 ni\u00f1os y j\u00f3venes atendidos por C\u00e1ritas Diocesana de Barcelona participan en actividades de ocio durante los meses de vacaciones escolares<\/span><\/b><span data-contrast=\"auto\">. El objetivo de la campa\u00f1a <\/span><a href=\"https:\/\/campanyes.caritas.barcelona\/cap-infant-sense-estiu\/\"><b><span data-contrast=\"none\">\u201cNing\u00fan ni\u00f1o sin verano\u201d<\/span><\/b><\/a><span data-contrast=\"auto\"> es que <\/span><b><span data-contrast=\"auto\">las personas m\u00e1s j\u00f3venes puedan disfrutar del deporte y el ocio, independientemente de su situaci\u00f3n econ\u00f3mica<\/span><\/b><span data-contrast=\"auto\">. Para ello, C\u00e1ritas cuenta con el apoyo de 23 clubes deportivos y centros de ocio*, que <\/span><b><span data-contrast=\"auto\">ceden gratuitamente plazas para que estos ni\u00f1os puedan participar en sus campus de verano<\/span><\/b><span data-contrast=\"auto\">. Asimismo, proyectos de C\u00e1ritas dedicados a la atenci\u00f3n de las familias con ni\u00f1os y adolescentes <\/span><b><span data-contrast=\"auto\">modifican su actividad, adapt\u00e1ndola a las necesidades de los m\u00e1s peque\u00f1os durante los meses de verano.<\/span><\/b><span data-ccp-props=\"{&quot;201341983&quot;:0,&quot;335551550&quot;:6,&quot;335551620&quot;:6,&quot;335559685&quot;:283,&quot;335559737&quot;:283,&quot;335559740&quot;:264}\">\u00a0<\/span><\/p>\n<p><span data-contrast=\"auto\">&#8220;Durante el \u00faltimo a\u00f1o, 1 de cada 2 familias con ni\u00f1os que viven en Barcelona o municipios de su alrededor se han visto obligadas a reducir las actividades de ocio por motivos econ\u00f3micos&#8221;, afirma M\u00edriam Feu, responsable de an\u00e1lisis social de C\u00e1ritas Barcelona. Asimismo, en el \u00faltimo informe FOESSA elaborado por C\u00e1ritas se apunta que el 40% de las familias con ni\u00f1os y adolescentes viven en exclusi\u00f3n social, y que la cifra sube hasta el 50% en el caso de las familias monoparentales. <\/span><b><span data-contrast=\"auto\">\u201cEl 20% de los hogares con ni\u00f1os y adolescentes atendidos por C\u00e1ritas viven sin ning\u00fan ingreso<\/span><\/b><span data-contrast=\"auto\">. En este contexto, <\/span><b><span data-contrast=\"auto\">las actividades de ocio y deportivas son m\u00e1s necesarias que nunca, para que los ni\u00f1os y adolescentes puedan disfrutar de un tiempo de calidad donde desarrollar sus habilidades\u201d<\/span><\/b><span data-contrast=\"auto\">, ha dicho Feu.<\/span><span data-ccp-props=\"{&quot;201341983&quot;:0,&quot;335551550&quot;:6,&quot;335551620&quot;:6,&quot;335559685&quot;:283,&quot;335559737&quot;:283,&quot;335559740&quot;:264}\">\u00a0<\/span><\/p>\n<p><img loading=\"lazy\" decoding=\"async\" class=\"size-full wp-image-12205\" src=\"https:\/\/blog.caritas.barcelona\/wp-content\/uploads\/sites\/2\/2022\/09\/20220726_PAIDOS_CIUTAT_VELLA_LLEURE_PISCINA_SOPAR_@DANI_CODINA-33-scaled-e1662371932892.jpg\" alt=\"\" width=\"768\" height=\"576\" \/><\/p>\n<p><b><span data-contrast=\"auto\">Rompiendo la espiral de la pobreza<\/span><\/b><span data-ccp-props=\"{&quot;201341983&quot;:0,&quot;335551550&quot;:6,&quot;335551620&quot;:6,&quot;335559685&quot;:283,&quot;335559737&quot;:283,&quot;335559740&quot;:264}\">\u00a0<\/span><\/p>\n<p><span data-ccp-props=\"{&quot;201341983&quot;:0,&quot;335551550&quot;:6,&quot;335551620&quot;:6,&quot;335559685&quot;:283,&quot;335559737&quot;:283,&quot;335559740&quot;:264}\">\u00a0<\/span><span data-contrast=\"auto\">\u201cEl ocio educativo y las actividades extraescolares son una parte fundamental de la educaci\u00f3n de los ni\u00f1os y adolescentes, ya que forman parte de su trayectoria vital y tienen un impacto muy positivo en el rendimiento acad\u00e9mico, el bienestar emocional y la adquisici\u00f3n de habilidades sociales\u201d, a\u00f1ade Mireia Milian, responsable del programa de familias e infancia de C\u00e1ritas Diocesana de Barcelona. De hecho, la investigaci\u00f3n en el \u00e1mbito educativo apunta a que, para los alumnos m\u00e1s vulnerables, <\/span><b><span data-contrast=\"auto\">participar en determinadas actividades extraescolares equivale a la ganancia de dos meses y medio de proceso acad\u00e9mico en un curso escolar ordinario<\/span><\/b><span data-contrast=\"auto\">. En el caso de los ni\u00f1os que viven situaciones de vulnerabilidad social es tambi\u00e9n un elemento de integraci\u00f3n, dado que facilita espacios de socializaci\u00f3n y se convierte en un elemento facilitador de la cohesi\u00f3n social en los barrios.<\/span><span data-ccp-props=\"{&quot;201341983&quot;:0,&quot;335551550&quot;:6,&quot;335551620&quot;:6,&quot;335559685&quot;:283,&quot;335559737&quot;:283,&quot;335559740&quot;:264}\">\u00a0<\/span><\/p>\n<p><b><span data-contrast=\"auto\">Desde C\u00e1ritas Barcelona se ha pedido una mayor inversi\u00f3n en pol\u00edticas centradas en la infancia, ya que Espa\u00f1a s\u00f3lo le dedica un 1,3% del PIB. Por el contrario, la media europea es del 2,4%<\/span><\/b><span data-contrast=\"auto\">. Por otro lado, han instado a que las administraciones ofrezcan m\u00e1s actividades extraescolares gratuitas, tal y como piden un 16% de las familias con ni\u00f1os y adolescentes atendidas por C\u00e1ritas Barcelona.<\/span><span data-ccp-props=\"{&quot;201341983&quot;:0,&quot;335551550&quot;:6,&quot;335551620&quot;:6,&quot;335559685&quot;:283,&quot;335559737&quot;:283,&quot;335559740&quot;:264}\">\u00a0<\/span><\/p>\n<p style=\"text-align: center\"><img loading=\"lazy\" decoding=\"async\" class=\"size-full wp-image-12207 aligncenter\" src=\"https:\/\/blog.caritas.barcelona\/wp-content\/uploads\/sites\/2\/2022\/09\/20220729_CO_BARCELONETA_SORTIDA_LLEURE_@DANI_CODINA-27-scaled-e1662371968333.jpg\" alt=\"\" width=\"768\" height=\"576\" \/><\/p>\n<p><span class=\"TextRun SCXW33784347 BCX8\" lang=\"ES-ES\" xml:lang=\"ES-ES\" data-contrast=\"auto\"><span class=\"NormalTextRun SCXW33784347 BCX8\">*Los clubes deportivos y centros que este a\u00f1o participan en la iniciativa son:<\/span><\/span> <span class=\"TextRun SCXW33784347 BCX8\" lang=\"CA-ES\" xml:lang=\"CA-ES\" data-contrast=\"auto\"><span class=\"NormalTextRun SpellingErrorV2Themed SCXW33784347 BCX8\">Asociaci\u00f3n<\/span><span class=\"NormalTextRun SCXW33784347 BCX8\"> de <\/span><span class=\"NormalTextRun SpellingErrorV2Themed SCXW33784347 BCX8\">navegaci\u00f3n<\/span><span class=\"NormalTextRun SCXW33784347 BCX8\"> a vela Barcelona Baleares \u2022 <\/span><span class=\"NormalTextRun SpellingErrorV2Themed SCXW33784347 BCX8\">Bonasport<\/span><span class=\"NormalTextRun SCXW33784347 BCX8\"> \u2022 CE Diagonal Mar \u2022 CEM Sant Andreu &#8211; La Sagrera (Campus Ol\u00edmpia) \u2022 Centre Moral Gr\u00e0cia \u2022 Club Atl\u00e8tic Masnou \u2022 Club de Tennis Badalona \u2022 Club de Tennis <\/span><span class=\"NormalTextRun SpellingErrorV2Themed SCXW33784347 BCX8\">Barcino<\/span><span class=\"NormalTextRun SCXW33784347 BCX8\"> \u2022 Club de Tennis de la Salut \u2022 Club de Tennis Masnou \u2022 Club de Tennis Premi\u00e0 de Mar \u2022 Club Esportiu Laiet\u00e0 \u2022 Club Nataci\u00f3 Barcelona \u2022 Club Tur\u00f3 Blanc \u2022 Duet <\/span><span class=\"NormalTextRun SpellingErrorV2Themed SCXW33784347 BCX8\">Sports<\/span><span class=\"NormalTextRun SCXW33784347 BCX8\"> Rambla Fondo \u2022 Fundaci\u00f3 <\/span><span class=\"NormalTextRun SpellingErrorV2Themed SCXW33784347 BCX8\">Brafa<\/span><span class=\"NormalTextRun SCXW33784347 BCX8\"> \u2022 Penya Barcelonista <\/span><span class=\"NormalTextRun SpellingErrorV2Themed SCXW33784347 BCX8\">Barcino<\/span><span class=\"NormalTextRun SCXW33784347 BCX8\"> \u2022 Reial Club de Polo \u2022 Reial Club de Tennis Barcelona 1899 \u2022 Reial Societat Tennis <\/span><span class=\"NormalTextRun SpellingErrorV2Themed SCXW33784347 BCX8\">Pompeia<\/span><span class=\"NormalTextRun SCXW33784347 BCX8\"> \u2022 <\/span><span class=\"NormalTextRun SpellingErrorV2Themed SCXW33784347 BCX8\">Torribera<\/span><span class=\"NormalTextRun SCXW33784347 BCX8\"> complex esportiu \u2022 Unificaci\u00f3 <\/span><span class=\"NormalTextRun SpellingErrorV2Themed SCXW33784347 BCX8\">Llefi\u00e0<\/span><span class=\"NormalTextRun SCXW33784347 BCX8\"> CF \u2022<\/span><\/span><span class=\"EOP SCXW33784347 BCX8\" data-ccp-props=\"{&quot;201341983&quot;:0,&quot;335551550&quot;:6,&quot;335551620&quot;:6,&quot;335559685&quot;:283,&quot;335559737&quot;:283,&quot;335559740&quot;:264}\">\u00a0<\/span><\/p>\n","protected":false},"excerpt":{"rendered":"<p>Durante los meses de verano, m\u00e1s de 400 ni\u00f1os y j\u00f3venes atendidos por C\u00e1ritas Barcelona participan en centros abiertos, casales y estadas deportivas para disfrutar de actividades de ocio gratuitas Barcelona, \u200b\u200b29 de agosto de 2022 \u2013 Este verano, m\u00e1s de 400 ni\u00f1os y j\u00f3venes atendidos por C\u00e1ritas Diocesana de Barcelona participan en actividades de [&hellip;]<\/p>\n","protected":false},"author":4,"featured_media":12204,"comment_status":"open","ping_status":"open","sticky":false,"template":"","format":"standard","meta":{"footnotes":""},"categories":[28],"tags":[],"autor":[1212],"class_list":["post-12210","post","type-post","status-publish","format-standard","has-post-thumbnail","hentry","category-familia-e-infancia","autor-jordi-julia-es"],"aioseo_notices":[],"_links":{"self":[{"href":"https:\/\/blog.caritas.barcelona\/es\/wp-json\/wp\/v2\/posts\/12210","targetHints":{"allow":["GET"]}}],"collection":[{"href":"https:\/\/blog.caritas.barcelona\/es\/wp-json\/wp\/v2\/posts"}],"about":[{"href":"https:\/\/blog.caritas.barcelona\/es\/wp-json\/wp\/v2\/types\/post"}],"author":[{"embeddable":true,"href":"https:\/\/blog.caritas.barcelona\/es\/wp-json\/wp\/v2\/users\/4"}],"replies":[{"embeddable":true,"href":"https:\/\/blog.caritas.barcelona\/es\/wp-json\/wp\/v2\/comments?post=12210"}],"version-history":[{"count":2,"href":"https:\/\/blog.caritas.barcelona\/es\/wp-json\/wp\/v2\/posts\/12210\/revisions"}],"predecessor-version":[{"id":12212,"href":"https:\/\/blog.caritas.barcelona\/es\/wp-json\/wp\/v2\/posts\/12210\/revisions\/12212"}],"wp:featuredmedia":[{"embeddable":true,"href":"https:\/\/blog.caritas.barcelona\/es\/wp-json\/wp\/v2\/media\/12204"}],"wp:attachment":[{"href":"https:\/\/blog.caritas.barcelona\/es\/wp-json\/wp\/v2\/media?parent=12210"}],"wp:term":[{"taxonomy":"category","embeddable":true,"href":"https:\/\/blog.caritas.barcelona\/es\/wp-json\/wp\/v2\/categories?post=12210"},{"taxonomy":"post_tag","embeddable":true,"href":"https:\/\/blog.caritas.barcelona\/es\/wp-json\/wp\/v2\/tags?post=12210"},{"taxonomy":"autor","embeddable":true,"href":"https:\/\/blog.caritas.barcelona\/es\/wp-json\/wp\/v2\/autor?post=12210"}],"curies":[{"name":"wp","href":"https:\/\/api.w.org\/{rel}","templated":true}]}}