{"id":12106,"date":"2022-06-28T14:52:49","date_gmt":"2022-06-28T12:52:49","guid":{"rendered":"https:\/\/blog.caritas.barcelona\/?p=12106"},"modified":"2022-07-27T18:14:04","modified_gmt":"2022-07-27T16:14:04","slug":"experiencias-compartidas","status":"publish","type":"post","link":"https:\/\/blog.caritas.barcelona\/es\/institucional-es\/experiencias-compartidas\/","title":{"rendered":"Experiencias compartidas"},"content":{"rendered":"<p>C\u00e1ritas Diocesana de Barcelona cierra el curso 2021-2022 compartiendo experiencias de personas contratadas, voluntarias y participantes<\/p>\n<p><img loading=\"lazy\" decoding=\"async\" class=\"size-full wp-image-12094 aligncenter\" src=\"https:\/\/blog.caritas.barcelona\/wp-content\/uploads\/sites\/2\/2022\/07\/20220622_ACTE_INSTITUCIONAL_CLOENDA_CURS_2021_2022-68-scaled-e1657629932160.jpg\" alt=\"\" width=\"768\" height=\"512\" \/><\/p>\n<p>El mi\u00e9rcoles 22 de junio, C\u00e1ritas Diocesana de Barcelona celebr\u00f3 un encuentro para cerrar el curso. Durante el acto, los asistentes conocieron de primera mano la acci\u00f3n de C\u00e1ritas de 2021, proyectos que empiezan a andar y los retos que la entidad plantea para el futuro m\u00e1s inmediato.<\/p>\n<p><strong>Una mirada conjunta<\/strong><\/p>\n<p>Uno de los momentos de la jornada que m\u00e1s inter\u00e9s suscit\u00f3 fue el cap\u00edtulo llamado <em>Mirar<\/em>, que se centr\u00f3 en experiencias y testimonios de personas voluntarias y participantes de C\u00e1ritas. En primer lugar, intervinieron Blanca Ribas y David P\u00e9rez. Blanca es voluntaria de C\u00e1ritas, y coordinadora del proyecto <em>\u00danica<\/em>. <strong>Este proyecto consiste en crear una base de datos conjunta, donde todas las personas atendidas por C\u00e1ritas en la di\u00f3cesis de Barcelona, <\/strong><strong>\u200b\u200b<\/strong><strong>ya sea desde los despachos de las Zonas Pastorales o desde las C<\/strong><strong>\u00e1<\/strong><strong>ritas parroquiales y arciprestales, consten en un mismo registro<\/strong>. Una de las parroquias que ya est\u00e1 colaborando en este proyecto es la de los Josepets, ubicada en la Plaza Lesseps de Barcelona. David P\u00e9rez, voluntario de la parroquia, explica que el proyecto ha sido muy bien recibido, y que, aunque los voluntarios puedan cambiar a lo largo de los a\u00f1os, la informaci\u00f3n quedar\u00e1 registrada para siempre. \u201cNosotros trabajamos a escala local, pero C\u00e1ritas es un solo cuerpo, y esta nueva iniciativa conseguir\u00e1 que esto sea una realidad\u201d.<\/p>\n<p><img loading=\"lazy\" decoding=\"async\" class=\"size-full wp-image-12096 aligncenter\" src=\"https:\/\/blog.caritas.barcelona\/wp-content\/uploads\/sites\/2\/2022\/07\/20220622_ACTE_INSTITUCIONAL_CLOENDA_CURS_2021_2022-11-scaled-e1657629980301.jpg\" alt=\"\" width=\"768\" height=\"512\" \/><\/p>\n<p>Blanca detall\u00f3 que el proyecto ya est\u00e1 andando en 50 parroquias de la di\u00f3cesis, y que m\u00e1s de 100 personas voluntarias han participado en cursos de formaci\u00f3n para conocer la herramienta inform\u00e1tica que pondr\u00e1 en com\u00fan todos estos datos<strong>. \u201cEl objetivo final del proyecto es acoger y acompa\u00f1ar a las personas m\u00e1s vulnerables de la mejor manera posible, pero tambi\u00e9n hacer denuncia social a partir de datos claros y rigurosos\u201d.<\/strong><\/p>\n<p><strong>\u00a0<\/strong>David y Blanca coinciden en que los ingredientes del proyecto \u00danica son la paciencia y la voluntad, y que todas las personas que se han interesado en la iniciativa lo han recibido con gran inter\u00e9s. <strong>\u201cEste es un camino que iniciamos en solitario, pero ahora caminamos juntos, con el objetivo compartido de poner luz\u201d<\/strong>, concluy\u00f3 Blanca.<\/p>\n<p><strong>Conectando personas<\/strong><\/p>\n<p>Seguidamente, intervino Vicen\u00e7 Ll\u00e0rio, voluntario de C\u00e1ritas Diocesana de Barcelona desde febrero de 2022. Vicen\u00e7 lleva a cabo formaciones digitales a personas que requieren apoyo para mejorar sus conocimientos telem\u00e1ticos, o que necesitan que les echen una mano para realizar alg\u00fan tr\u00e1mite por internet. \u201cMi funci\u00f3n es hacer ver a las personas que las barreras digitales no son tan altas como pueden parecer\u201d.<\/p>\n<p>Didishvili, una de las personas que ha participado en las formaciones, explic\u00f3 que antes no sab\u00eda hacer muchas cosas con el tel\u00e9fono m\u00f3vil, y que se ve\u00eda en la obligaci\u00f3n de pedir ayudar a sus hijos. \u201cDespu\u00e9s de participar en estos cursos, s\u00e9 efectuar muchos tr\u00e1mites de manera digital, y ahorro tiempo y recursos\u201d.<\/p>\n<p><img loading=\"lazy\" decoding=\"async\" class=\"size-full wp-image-12098 aligncenter\" src=\"https:\/\/blog.caritas.barcelona\/wp-content\/uploads\/sites\/2\/2022\/07\/20220622_ACTE_INSTITUCIONAL_CLOENDA_CURS_2021_2022-123-scaled-e1657630014898.jpg\" alt=\"\" width=\"768\" height=\"512\" \/><\/p>\n<p>Vicen\u00e7 relata que tener hijos en edad escolar ayuda a estar m\u00e1s conectado a las herramientas digitales, pero que no siempre es as\u00ed. <strong>\u201cIndependientemente de nuestra edad, todos podemos aprender. Los alumnos que participan en las formaciones deben saber que son capaces, que pueden conseguirlo. Esto es lo m\u00e1s importante\u201d<\/strong>. Sin embargo, Vicen\u00e7 anim\u00f3 a las personas asistentes a continuar colaborando con C\u00e1ritas. \u201c\u00a1Necesitamos voluntarios!\u201d, afirm\u00f3 convencido.<\/p>\n<p>Didishvili agradeci\u00f3 a C\u00e1ritas todo el apoyo recibido, y que, con tres hijos a cargo, el acompa\u00f1amiento de la entidad ha sido clave para continuar estudiando y ser m\u00e1s libre.<\/p>\n<p><strong>\u00a0<\/strong><strong>Superando el laberinto burocr\u00e1tico<\/strong><\/p>\n<p>Finalmente, fue el turno de escuchar al testigo de Lucila. A ra\u00edz de la pandemia, Lucila perdi\u00f3 unas pocas horas de limpieza, lo que hizo que no tuviera ingresos suficientes para cubrir necesidades b\u00e1sicas como la alimentaci\u00f3n o pagar el alquiler de la habitaci\u00f3n donde viv\u00eda. En ese contexto, decidi\u00f3 pedir ayuda a C\u00e1ritas. <strong>\u201cC\u00e1ritas me ech\u00f3 una mano cuando me encontraba con una mayor dificultad, garantiz\u00e1ndome la alimentaci\u00f3n, as\u00ed como el alquiler de tres meses de la habitaci\u00f3n\u201d<\/strong>, explica.<\/p>\n<p>Tras esta ayuda puntual, C\u00e1ritas propuso a Lucila que pudiera solicitar el Ingreso M\u00ednimo Vital (IMV), y se la acompa\u00f1\u00f3 durante todo el proceso para percibir esta ayuda. \u201cCuando empec\u00e9 los tr\u00e1mites por el IMV, fue un laberinto burocr\u00e1tico. Primero ped\u00edan una cuenta corriente, y yo no la ten\u00eda. Por otra parte, tambi\u00e9n me ped\u00edan una n\u00f3mina, pero al trabajar en la econom\u00eda sumergida, no ten\u00eda documentaci\u00f3n que lo acreditara. C\u00e1ritas me ayud\u00f3 a abrir ese n\u00famero de cuenta, pero tambi\u00e9n a conseguir el padr\u00f3n y el documento de convivencia\u201d.<\/p>\n<p>El 16 de abril de 2021, finalmente concedieron el IMV a Lucila. <strong>\u201cEstoy contenta de percibir esta ayuda, pero la considero del todo insuficiente\u201d<\/strong>. Ahora percibe 490 \u20ac en concepto de IMV, pero paga 400 \u20ac de la habitaci\u00f3n en la que vive. &#8220;Los 90 \u20ac restantes no dan para pasar todo un mes&#8221;, lamenta.<\/p>\n<p><img loading=\"lazy\" decoding=\"async\" class=\"size-full wp-image-12100 aligncenter\" src=\"https:\/\/blog.caritas.barcelona\/wp-content\/uploads\/sites\/2\/2022\/07\/20220622_ACTE_INSTITUCIONAL_CLOENDA_CURS_2021_2022-185-scaled-e1657630061596.jpg\" alt=\"\" width=\"768\" height=\"512\" \/><\/p>\n<p><strong>Transformar la realidad<\/strong><\/p>\n<p>Para cerrar la jornada, el director de C\u00e1ritas Diocesana de Barcelona, Salvador Busquets, pidi\u00f3 transformar la realidad que nos rodea, y tambi\u00e9n anim\u00f3 a los asistentes a tener un sue\u00f1o. \u201cLa transformaci\u00f3n nos mejora como personas, y debemos apostar por esta transformaci\u00f3n constructiva en favor de los m\u00e1s vulnerables\u201d. Asimismo, inst\u00f3 a todos los asistentes a trabajar por una renovaci\u00f3n del voluntariado, y hacer de puente entre realidades distintas. <strong>\u201cDebemos acompa\u00f1ar a quien m\u00e1s sufre, siempre con una total disponibilidad, y con el objetivo de que ellos tambi\u00e9n puedan transformar su realidad\u201d.<\/strong><\/p>\n","protected":false},"excerpt":{"rendered":"<p>C\u00e1ritas Diocesana de Barcelona cierra el curso 2021-2022 compartiendo experiencias de personas contratadas, voluntarias y participantes El mi\u00e9rcoles 22 de junio, C\u00e1ritas Diocesana de Barcelona celebr\u00f3 un encuentro para cerrar el curso. Durante el acto, los asistentes conocieron de primera mano la acci\u00f3n de C\u00e1ritas de 2021, proyectos que empiezan a andar y los retos [&hellip;]<\/p>\n","protected":false},"author":4,"featured_media":12099,"comment_status":"open","ping_status":"open","sticky":false,"template":"","format":"standard","meta":{"footnotes":""},"categories":[21],"tags":[],"autor":[1212],"class_list":["post-12106","post","type-post","status-publish","format-standard","has-post-thumbnail","hentry","category-institucional-es","autor-jordi-julia-es"],"aioseo_notices":[],"_links":{"self":[{"href":"https:\/\/blog.caritas.barcelona\/es\/wp-json\/wp\/v2\/posts\/12106","targetHints":{"allow":["GET"]}}],"collection":[{"href":"https:\/\/blog.caritas.barcelona\/es\/wp-json\/wp\/v2\/posts"}],"about":[{"href":"https:\/\/blog.caritas.barcelona\/es\/wp-json\/wp\/v2\/types\/post"}],"author":[{"embeddable":true,"href":"https:\/\/blog.caritas.barcelona\/es\/wp-json\/wp\/v2\/users\/4"}],"replies":[{"embeddable":true,"href":"https:\/\/blog.caritas.barcelona\/es\/wp-json\/wp\/v2\/comments?post=12106"}],"version-history":[{"count":4,"href":"https:\/\/blog.caritas.barcelona\/es\/wp-json\/wp\/v2\/posts\/12106\/revisions"}],"predecessor-version":[{"id":12133,"href":"https:\/\/blog.caritas.barcelona\/es\/wp-json\/wp\/v2\/posts\/12106\/revisions\/12133"}],"wp:featuredmedia":[{"embeddable":true,"href":"https:\/\/blog.caritas.barcelona\/es\/wp-json\/wp\/v2\/media\/12099"}],"wp:attachment":[{"href":"https:\/\/blog.caritas.barcelona\/es\/wp-json\/wp\/v2\/media?parent=12106"}],"wp:term":[{"taxonomy":"category","embeddable":true,"href":"https:\/\/blog.caritas.barcelona\/es\/wp-json\/wp\/v2\/categories?post=12106"},{"taxonomy":"post_tag","embeddable":true,"href":"https:\/\/blog.caritas.barcelona\/es\/wp-json\/wp\/v2\/tags?post=12106"},{"taxonomy":"autor","embeddable":true,"href":"https:\/\/blog.caritas.barcelona\/es\/wp-json\/wp\/v2\/autor?post=12106"}],"curies":[{"name":"wp","href":"https:\/\/api.w.org\/{rel}","templated":true}]}}