{"id":12050,"date":"2022-06-20T11:49:42","date_gmt":"2022-06-20T09:49:42","guid":{"rendered":"https:\/\/blog.caritas.barcelona\/?p=12050"},"modified":"2022-06-20T11:50:08","modified_gmt":"2022-06-20T09:50:08","slug":"tu-firma-nuestros-derechos","status":"publish","type":"post","link":"https:\/\/blog.caritas.barcelona\/es\/mobilidad-humana\/tu-firma-nuestros-derechos\/","title":{"rendered":"Tu firma, nuestros derechos"},"content":{"rendered":"<p><span style=\"font-weight: 400\">Cada d\u00eda, desde C\u00e1ritas, vemos c\u00f3mo mucha gente, a pesar de residir aqu\u00ed y querer ser parte de nuestra sociedad, se encuentra con una frontera (in)visible que les impide y dificulta poder vivir una vida digna. <\/span><\/p>\n<p><img loading=\"lazy\" decoding=\"async\" class=\"size-full wp-image-12047 aligncenter\" src=\"https:\/\/blog.caritas.barcelona\/wp-content\/uploads\/sites\/2\/2022\/06\/Marca-Plural-FB-Post-e1655718347452.jpg\" alt=\"\" width=\"768\" height=\"384\" \/><\/p>\n<p><span style=\"font-weight: 400\">La<\/span><b> ley de extranjer\u00eda<\/b><span style=\"font-weight: 400\"> vigente hace que miles de personas en el Estado espa\u00f1ol se encuentren en situaci\u00f3n administrativa irregular, una condici\u00f3n que les expulsa de poder gozar de los derechos de ciudadan\u00eda m\u00e1s b\u00e1sicos.<\/span><\/p>\n<p><span style=\"font-weight: 400\">Las v\u00edas existentes para obtener una autorizaci\u00f3n de residencia y trabajo no son sencillas. Y una vez obtenida, es f\u00e1cil perderla. Esta<\/span><b> irregularidad administrativa<\/b><span style=\"font-weight: 400\"> impide poder tener un contrato de trabajo, ser titular de una cuenta bancaria, firmar un alquiler o acceder a alguna ayuda. Adem\u00e1s, fomenta la<\/span><b> explotaci\u00f3n laboral,<\/b><span style=\"font-weight: 400\"> al invisibilizar a las personas como sujetos de derechos. Por tanto, al no ser reconocidas, tambi\u00e9n son condenadas a vivir con el miedo a acabar en un centro de internamiento o ser expulsadas por falta del permiso de residencia.<\/span><\/p>\n<p><img loading=\"lazy\" decoding=\"async\" class=\"size-full wp-image-12045 aligncenter\" src=\"https:\/\/blog.caritas.barcelona\/wp-content\/uploads\/sites\/2\/2022\/06\/Marca-Iguales-FB-Post-e1655718321382.jpg\" alt=\"\" width=\"768\" height=\"384\" \/><\/p>\n<p><span style=\"font-weight: 400\">En C\u00e1ritas Diocesana de Barcelona, <\/span><b>el 40% de las personas que atendemos se encuentran en esta situaci\u00f3n<\/b><span style=\"font-weight: 400\"> y son perjudicadas directamente por la ley de extranjer\u00eda. Cada una, por diversas causas, ha tenido que irse de su pa\u00eds de origen y ha llegado aqu\u00ed buscando un futuro mejor. Pero solo por haber vivido un proceso migratorio, son despojados de los derechos fundamentales inalienables de toda persona. Muchas, pues, acaban construyendo una vida en la marginalidad de un sistema que les da la espalda y les criminaliza y en \u00faltima instancia, les impide poder contribuir como ciudadanos a la vida en sociedad.<\/span><\/p>\n<p><span style=\"font-weight: 400\">Es por ello que nos hemos unido a una gran red de organizaciones de la sociedad civil bajo el nombre <\/span><b>Esenciales<\/b><span style=\"font-weight: 400\">, que ha puesto en marcha una iniciativa legislativa popular (ILP) en forma de proposici\u00f3n de ley para una regularizaci\u00f3n extraordinaria de personas extranjeras.\u00a0<\/span><\/p>\n<p><iframe loading=\"lazy\" title=\"ILP per la regularitzaci\u00f3 de treballadors i treballadores migrants que viuen a Espanya\" width=\"500\" height=\"281\" src=\"https:\/\/www.youtube.com\/embed\/knJRtVYWtFg?feature=oembed\" frameborder=\"0\" allow=\"accelerometer; autoplay; clipboard-write; encrypted-media; gyroscope; picture-in-picture; web-share\" referrerpolicy=\"strict-origin-when-cross-origin\" allowfullscreen><\/iframe><\/p>\n<p><span style=\"font-weight: 400\">Nuestras firmas son importantes, es necesario recoger <\/span><b>500.000 firmas para 500.000 personas<\/b><span style=\"font-weight: 400\"> y as\u00ed poder llamar a la puerta del Congreso de los Diputados y hacer que se comprometan a debatir esta propuesta. Si cuentas con la ciudadan\u00eda espa\u00f1ola y eres mayor de edad,<\/span><b> tu firma es la manera de participar<\/b><span style=\"font-weight: 400\"> y ayudar a promover una alternativa m\u00e1s justa y posible a la legislaci\u00f3n actual.<\/span><\/p>\n<p><span style=\"font-weight: 400\">Desde un punto de vista econ\u00f3mico,<\/span><b> la regularizaci\u00f3n supondr\u00eda una aportaci\u00f3n fiscal neta de 3.500 \u20ac por cada persona<\/b><span style=\"font-weight: 400\">. Al mismo tiempo, no es algo nuevo. Esta medida ya se ha llevado a cabo en m\u00e1s de una ocasi\u00f3n en el Estado, la \u00faltima, en 2005. Adem\u00e1s, <\/span><b>ninguna de estas regularizaciones ha provocado un aumento de la llegada de personas reci\u00e9n llegadas.<\/b><\/p>\n<p><img loading=\"lazy\" decoding=\"async\" class=\"size-full wp-image-12043 aligncenter\" src=\"https:\/\/blog.caritas.barcelona\/wp-content\/uploads\/sites\/2\/2022\/06\/Esenciales-Marca-Derechos-FB-Post-e1655718429601.jpg\" alt=\"\" width=\"768\" height=\"384\" \/><\/p>\n<p><span style=\"font-weight: 400\">Para tus vecinos y vecinas con quienes quiz\u00e1s te saludas por la calle, para alg\u00fan amigo, amiga o bien persona conocida que ha venido de lejos, para quien cuida de tus padres o abuelos ya mayores, la familia de los compa\u00f1eros de clase de tus hijos, por quien cultiva y recoge la fruta y la verdura que cocinas y comes o para alguien que es familia de coraz\u00f3n, da apoyo.<\/span><\/p>\n<p><span style=\"font-weight: 400\">Si quieres firmar con <\/span><b>certificado digital<\/b><span style=\"font-weight: 400\">, conocer los puntos de recogida de<\/span><b> firmas presenciales<\/b><span style=\"font-weight: 400\"> o saber m\u00e1s sobre la iniciativa legislativa, puedes hacerlo en: <\/span><a href=\"https:\/\/esenciales.info\/\" target=\"_blank\" rel=\"noopener\"><span style=\"font-weight: 400\">esenciales.info<\/span><\/a><span style=\"font-weight: 400\">. Adem\u00e1s, puedes descubrir <a href=\"https:\/\/porcausa.org\/wp-content\/uploads\/2022\/03\/Informe_Esenciales_2022.pdf\" target=\"_blank\" rel=\"noopener\">aqu\u00ed<\/a> 5 buenas razones para aprobar la regularizaci\u00f3n.<\/span><\/p>\n<p style=\"text-align: center\"><span style=\"font-weight: 400\">\u00ab<\/span><b>era forastero, y me acogisteis<\/b><span style=\"font-weight: 400\">\u00bb (Mateo, 25: 35)<\/span><\/p>\n","protected":false},"excerpt":{"rendered":"<p>Cada d\u00eda, desde C\u00e1ritas, vemos c\u00f3mo mucha gente, a pesar de residir aqu\u00ed y querer ser parte de nuestra sociedad, se encuentra con una frontera (in)visible que les impide y dificulta poder vivir una vida digna. La ley de extranjer\u00eda vigente hace que miles de personas en el Estado espa\u00f1ol se encuentren en situaci\u00f3n administrativa [&hellip;]<\/p>\n","protected":false},"author":4,"featured_media":12038,"comment_status":"open","ping_status":"open","sticky":false,"template":"","format":"standard","meta":{"footnotes":""},"categories":[25],"tags":[],"autor":[36],"class_list":["post-12050","post","type-post","status-publish","format-standard","has-post-thumbnail","hentry","category-mobilidad-humana","autor-caritas-diocesana-de-barcelona-es"],"aioseo_notices":[],"_links":{"self":[{"href":"https:\/\/blog.caritas.barcelona\/es\/wp-json\/wp\/v2\/posts\/12050","targetHints":{"allow":["GET"]}}],"collection":[{"href":"https:\/\/blog.caritas.barcelona\/es\/wp-json\/wp\/v2\/posts"}],"about":[{"href":"https:\/\/blog.caritas.barcelona\/es\/wp-json\/wp\/v2\/types\/post"}],"author":[{"embeddable":true,"href":"https:\/\/blog.caritas.barcelona\/es\/wp-json\/wp\/v2\/users\/4"}],"replies":[{"embeddable":true,"href":"https:\/\/blog.caritas.barcelona\/es\/wp-json\/wp\/v2\/comments?post=12050"}],"version-history":[{"count":1,"href":"https:\/\/blog.caritas.barcelona\/es\/wp-json\/wp\/v2\/posts\/12050\/revisions"}],"predecessor-version":[{"id":12051,"href":"https:\/\/blog.caritas.barcelona\/es\/wp-json\/wp\/v2\/posts\/12050\/revisions\/12051"}],"wp:featuredmedia":[{"embeddable":true,"href":"https:\/\/blog.caritas.barcelona\/es\/wp-json\/wp\/v2\/media\/12038"}],"wp:attachment":[{"href":"https:\/\/blog.caritas.barcelona\/es\/wp-json\/wp\/v2\/media?parent=12050"}],"wp:term":[{"taxonomy":"category","embeddable":true,"href":"https:\/\/blog.caritas.barcelona\/es\/wp-json\/wp\/v2\/categories?post=12050"},{"taxonomy":"post_tag","embeddable":true,"href":"https:\/\/blog.caritas.barcelona\/es\/wp-json\/wp\/v2\/tags?post=12050"},{"taxonomy":"autor","embeddable":true,"href":"https:\/\/blog.caritas.barcelona\/es\/wp-json\/wp\/v2\/autor?post=12050"}],"curies":[{"name":"wp","href":"https:\/\/api.w.org\/{rel}","templated":true}]}}