{"id":12000,"date":"2022-06-01T14:41:28","date_gmt":"2022-06-01T12:41:28","guid":{"rendered":"https:\/\/blog.caritas.barcelona\/?p=12000"},"modified":"2022-07-07T12:18:07","modified_gmt":"2022-07-07T10:18:07","slug":"universidades-con-mucho-corazon","status":"publish","type":"post","link":"https:\/\/blog.caritas.barcelona\/es\/entidades-con-corazon\/universidades-con-mucho-corazon\/","title":{"rendered":"Universidades con mucho coraz\u00f3n"},"content":{"rendered":"<p><span style=\"font-weight: 400\">El pasado lunes 30 de mayo se celebr\u00f3 en la Sagrada Familia un <b>acto de reconocimiento<\/b> a las universidades, centros universitarios y facultades que forman parte del programa Universitats amb Cor de C\u00e1ritas Diocesana de Barcelona. <\/span><\/p>\n<p><img loading=\"lazy\" decoding=\"async\" class=\"size-full wp-image-11985 aligncenter\" src=\"https:\/\/blog.caritas.barcelona\/wp-content\/uploads\/sites\/2\/2022\/06\/DSC5398-scaled-e1654086158992.jpg\" alt=\"\" width=\"768\" height=\"513\" \/><\/p>\n<p><b>Universitats amb Cor<\/b><span style=\"font-weight: 400\"> es un <\/span><b>programa de sensibilizaci\u00f3n<\/b><span style=\"font-weight: 400\"> de C\u00e1ritas dirigido a las comunidades universitarias, y que realiza una acci\u00f3n muy diversa. Se organizan mesas redondas de buenas pr\u00e1cticas sobre RSC, charlas de contenido social, tutor\u00edas y distinciones honor\u00edficas en los trabajos de final de grado y de m\u00e1ster que tienen relevancia por su contenido social, entre otros.\u00a0<\/span><\/p>\n<p><span style=\"font-weight: 400\">El acto ha contado con la presencia del Cardenal<\/span><b> Joan Josep Omella<\/b><span style=\"font-weight: 400\">, Arzobispo de Barcelona y presidente de C\u00e1ritas Diocesana de Barcelona, de <\/span><b>Mn. Joan Costa<\/b><span style=\"font-weight: 400\">, delegado episcopal de la Pastoral Social y Caritativa de la Iglesia de Barcelona y de<\/span><b> Mn. Josep M. Turull<\/b><span style=\"font-weight: 400\">, rector de la bas\u00edlica y de la parroquia de la Sagrada Familia.\u00a0<\/span><\/p>\n<p><img loading=\"lazy\" decoding=\"async\" class=\"size-full wp-image-11989 aligncenter\" src=\"https:\/\/blog.caritas.barcelona\/wp-content\/uploads\/sites\/2\/2022\/06\/DSC5379-scaled-e1654086388202.jpg\" alt=\"\" width=\"768\" height=\"513\" \/><\/p>\n<p><span style=\"font-weight: 400\">Tambi\u00e9n han estado presentes los rectores y directores de algunas universidades y centros, como el Dr. Joan Gu\u00e0rdia Olmos de la Universitat de Barcelona, el <\/span><b>Dr. Rafael Rodr\u00edguez-Ponga i Salamanca<\/b><span style=\"font-weight: 400\"> de la Universitat Abat Oliba, el <\/span><b>Dr. Josep Maria Garrell i Guiu <\/b><span style=\"font-weight: 400\">de la Universitat Ramon Llull, el <\/span><b>Dr. Alfonso M\u00e9ndiz Noguero <\/b><span style=\"font-weight: 400\">de la Universitat Internacional de Catalunya, o el se\u00f1or <\/span><b>Olivier Benielli<\/b><span style=\"font-weight: 400\">, director de la Toulouse Business School, as\u00ed como los representantes de los rectores de la Universitat Pompeu Fabra y la Universitat Oberta de Catalunya.\u00a0<\/span><\/p>\n<p><span style=\"font-weight: 400\">Durante el evento<\/span><b>, se ha agradecido y reconocido el trabajo de la comunidad universitaria y su implicaci\u00f3n con C\u00e1ritas<\/b><span style=\"font-weight: 400\">, especialmente durante los tiempos de pandemia. Se ha recordado que las personas somos fr\u00e1giles y vulnerables, pero que nos hace falta la acci\u00f3n conjunta para afrontar cualquier adversidad. Posteriormente, se han entregado los galardones a las diferentes universidades, en reconocimiento a su apoyo en las tareas de sensibilizaci\u00f3n de la comunidad universitaria. As\u00ed mismo, tambi\u00e9n se ha agradecido e<\/span><b>l trabajo del equipo de voluntariado que forma Universitats amb Cor<\/b><span style=\"font-weight: 400\">, ya que con su esfuerzo, han hecho que el acto sea posible.\u00a0<\/span><\/p>\n<p><img loading=\"lazy\" decoding=\"async\" class=\"size-full wp-image-11993 aligncenter\" src=\"https:\/\/blog.caritas.barcelona\/wp-content\/uploads\/sites\/2\/2022\/06\/UPF_DSC5443_\u00a9-Jordi-Boixareu-1-scaled-e1654086620168.jpg\" alt=\"\" width=\"768\" height=\"513\" \/><\/p>\n<p><span style=\"font-weight: 400\">Posteriormente, <\/span><b>Salvador Busquets<\/b><span style=\"font-weight: 400\">, director de C\u00e1ritas Diocesana de Barcelona, ha ofrecido el discurso de clausura, donde ha hablado brevemente de la historia del proyecto Universitats amb Cor y de su gran crecimiento desde la firma del primer acuerdo de colaboraci\u00f3n en junio de 2013. Desde este primer acuerdo, la familia de Universitats amb Cor no ha parado de crecer, y ha conseguido sensibilizar a m\u00e1s de 14.500 alumnos universitarios, 4.000 de los cuales han sido durante estos dos \u00faltimos a\u00f1os de pandemia.<\/span><\/p>\n<p><span style=\"font-weight: 400\">Busquets tambi\u00e9n ha hablado del futuro, manifestando los tres deseos de C\u00e1ritas en esta positiva relaci\u00f3n; <\/span><b>construir una sociedad con valores<\/b><span style=\"font-weight: 400\">, <\/span><b>facilitar el acceso al mundo acad\u00e9mico y universitario de los j\u00f3venes con los que C\u00e1ritas trabaja<\/b><span style=\"font-weight: 400\">, con tal de favorecer la integraci\u00f3n y la reducci\u00f3n de la exclusi\u00f3n social, y que <\/span><b>tanto los estudiantes como profesores lleguen a implicarse con C\u00e1ritas como voluntarios<\/b><span style=\"font-weight: 400\">. Finalmente, Busquets ha concluido su discurso agradeciendo de nuevo el trabajo que han hecho y siguen haciendo las universidades, y<\/span><b> la confianza de estas en el trabajo de C\u00e1ritas<\/b><span style=\"font-weight: 400\">.\u00a0<\/span><\/p>\n<p><img loading=\"lazy\" decoding=\"async\" class=\"size-full wp-image-11995 aligncenter\" src=\"https:\/\/blog.caritas.barcelona\/wp-content\/uploads\/sites\/2\/2022\/06\/DSC5594-scaled-e1654086804925.jpg\" alt=\"\" width=\"768\" height=\"513\" \/><\/p>\n<p><span style=\"font-weight: 400\">Al finalizar el acto, los asistentes han podido disfrutar de una visita guiada de la Bas\u00edlica de la Sagrada Familia de la mano del <\/span><b>Sr. Jordi Faul\u00ed<\/b><span style=\"font-weight: 400\">, actual arquitecto director y coordinador del Templo Expiatorio de la Sagrada Familia. <\/span><\/p>\n","protected":false},"excerpt":{"rendered":"<p>El pasado lunes 30 de mayo se celebr\u00f3 en la Sagrada Familia un acto de reconocimiento a las universidades, centros universitarios y facultades que forman parte del programa Universitats amb Cor de C\u00e1ritas Diocesana de Barcelona. Universitats amb Cor es un programa de sensibilizaci\u00f3n de C\u00e1ritas dirigido a las comunidades universitarias, y que realiza una [&hellip;]<\/p>\n","protected":false},"author":4,"featured_media":11999,"comment_status":"open","ping_status":"open","sticky":false,"template":"","format":"standard","meta":{"footnotes":""},"categories":[22],"tags":[],"autor":[2094],"class_list":["post-12000","post","type-post","status-publish","format-standard","has-post-thumbnail","hentry","category-entidades-con-corazon","autor-paula-gerboles-2"],"aioseo_notices":[],"_links":{"self":[{"href":"https:\/\/blog.caritas.barcelona\/es\/wp-json\/wp\/v2\/posts\/12000","targetHints":{"allow":["GET"]}}],"collection":[{"href":"https:\/\/blog.caritas.barcelona\/es\/wp-json\/wp\/v2\/posts"}],"about":[{"href":"https:\/\/blog.caritas.barcelona\/es\/wp-json\/wp\/v2\/types\/post"}],"author":[{"embeddable":true,"href":"https:\/\/blog.caritas.barcelona\/es\/wp-json\/wp\/v2\/users\/4"}],"replies":[{"embeddable":true,"href":"https:\/\/blog.caritas.barcelona\/es\/wp-json\/wp\/v2\/comments?post=12000"}],"version-history":[{"count":3,"href":"https:\/\/blog.caritas.barcelona\/es\/wp-json\/wp\/v2\/posts\/12000\/revisions"}],"predecessor-version":[{"id":12004,"href":"https:\/\/blog.caritas.barcelona\/es\/wp-json\/wp\/v2\/posts\/12000\/revisions\/12004"}],"wp:featuredmedia":[{"embeddable":true,"href":"https:\/\/blog.caritas.barcelona\/es\/wp-json\/wp\/v2\/media\/11999"}],"wp:attachment":[{"href":"https:\/\/blog.caritas.barcelona\/es\/wp-json\/wp\/v2\/media?parent=12000"}],"wp:term":[{"taxonomy":"category","embeddable":true,"href":"https:\/\/blog.caritas.barcelona\/es\/wp-json\/wp\/v2\/categories?post=12000"},{"taxonomy":"post_tag","embeddable":true,"href":"https:\/\/blog.caritas.barcelona\/es\/wp-json\/wp\/v2\/tags?post=12000"},{"taxonomy":"autor","embeddable":true,"href":"https:\/\/blog.caritas.barcelona\/es\/wp-json\/wp\/v2\/autor?post=12000"}],"curies":[{"name":"wp","href":"https:\/\/api.w.org\/{rel}","templated":true}]}}