{"id":11872,"date":"2022-04-22T13:16:00","date_gmt":"2022-04-22T11:16:00","guid":{"rendered":"https:\/\/blog.caritas.barcelona\/?p=11872"},"modified":"2022-04-24T18:56:47","modified_gmt":"2022-04-24T16:56:47","slug":"caritas-es-uno-de-los-ejemplos-mas-vivos-a-la-hora-de-ayudar-a-todas-las-personas-que-sufren","status":"publish","type":"post","link":"https:\/\/blog.caritas.barcelona\/es\/institucional-es\/caritas-es-uno-de-los-ejemplos-mas-vivos-a-la-hora-de-ayudar-a-todas-las-personas-que-sufren\/","title":{"rendered":"&#8220;C\u00e1ritas es uno de los ejemplos m\u00e1s vivos a la hora de ayudar a las personas que sufren&#8221;"},"content":{"rendered":"<p>Carlos Paytub\u00ed, autor de la novela <em>\u201cEl Misterio del Pergamino Florentino\u201d<\/em>, destinar\u00e1 los beneficios del libro a C\u00e1ritas Diocesana de Barcelona<\/p>\n<p style=\"text-align: center\"><img loading=\"lazy\" decoding=\"async\" class=\"size-full wp-image-11865 aligncenter\" src=\"https:\/\/blog.caritas.barcelona\/wp-content\/uploads\/sites\/2\/2022\/04\/20220423_CARLOS_PAYTUBI_SANT_JORDI-3-e1650625535659.jpg\" alt=\"\" width=\"768\" height=\"512\" \/><\/p>\n<p>Carlos Paytub\u00ed (Barcelona, \u200b\u200b1964), estudi\u00f3 en los Jesuitas de Sarri\u00e0. Licenciado en Medicina y Cirug\u00eda por la Universidad Aut\u00f3noma de Barcelona, \u200b\u200bse form\u00f3 como m\u00e9dico internista en el Hospital de Santa Creu i Sant Pau. Posteriormente, ejerci\u00f3 su especialidad en la Teknon y desde el a\u00f1o 2008 en el Parc Sanitari de Sant Joan de D\u00e9u. Adem\u00e1s de escribir, imparte conferencias en Aulas de Extensi\u00f3n Universitaria, as\u00ed como en centros y asociaciones culturales. Padre de familia numerosa y mel\u00f3mano, <a href=\"https:\/\/editorialsaralejandria.com\/producto\/el-misterio-del-pergamino-florentino\/\" target=\"_blank\" rel=\"noopener\"><em>\u201cEl Misterio del Pergamino Florentino\u201d<\/em><\/a> es su primera novela hist\u00f3rica, y el dinero que se recaude con la venta del libro se destinar\u00e1 \u00edntegramente a C\u00e1ritas Diocesana de Barcelona.<\/p>\n<p><strong>\u00bfDe qu\u00e9 trata <em>El Misterio del Pergamino Florentino<\/em>?<\/strong><\/p>\n<p>Es una novela hist\u00f3rica, pero yo la defino como una historia novelada. Es un libro que debe saborearse. A pesar de su extensi\u00f3n, est\u00e1 formado por cap\u00edtulos breves, lo que permite leerlo en peque\u00f1os momentos de tu d\u00eda a d\u00eda. La novela tiene 130 cap\u00edtulos, y parte del siglo XIII (a\u00f1o 1230), en Florencia. La historia trata de un grupo de j\u00f3venes llamados laudesis que tienen un padre espiritual, el padre Poggibonsi. Aqu\u00ed es donde nace una nueva Orden religiosa, que es la orden de los servitas. Uno de estos servitas realiza una peregrinaci\u00f3n hacia Compostela, y durante esta peregrinaci\u00f3n va conociendo curiosidades y vivencias. Al final de su trayecto, descubre a un ni\u00f1o que ser\u00e1 el futuro San Juan de Dios, y a partir de ah\u00ed se cuenta su historia, la llegada de la orden hospitalaria de San Juan de Dios a Catalunya, el nacimiento de la psiquiatr\u00eda o los \u00faltimos meses de la vida de Antoni Gaud\u00ed. Podemos seguir toda esta historia a partir de un pergamino ficticio que ir\u00e1 pasando de mano en mano a lo largo de ocho siglos de historia. Finalmente, el pergamino llega al Vaticano, a manos del papa Francisco, y \u00e9l desvelar\u00e1 en el mundo el contenido de este documento.<\/p>\n<p><strong>\u00bfPor qu\u00e9 decidiste escribir un libro? \u00bfY por qu\u00e9 justamente has decidido relatar esta historia?<\/strong><\/p>\n<p>No existe una causa \u00fanica. Me he formado con los jesuitas, y una figura que tengo cercana es San Ignacio de Loyola. Sin embargo, hace catorce a\u00f1os que estoy trabajando en un hospital de la Orden de San Juan de Dios, y esto hizo que me preguntara qui\u00e9n era San Juan de Dios. A partir de aqu\u00ed, leyendo libros y peque\u00f1as biograf\u00edas del Santo portugu\u00e9s, vi que pod\u00eda escribir una novela. A un reconocido escritor le preguntaron por qu\u00e9 escrib\u00eda, y \u00e9l contest\u00f3 que escrib\u00eda para aprender, y lo que yo he aprendido es lo que he escrito.<\/p>\n<p><strong>Seguro que has realizado un extensivo trabajo de documentaci\u00f3n\u2026<\/strong><\/p>\n<p>S\u00ed, para escribir el libro estuve un a\u00f1o y medio, pero fueron necesarios seis meses para documentarme y pensar c\u00f3mo quer\u00eda enfocar la historia.<\/p>\n<p><img loading=\"lazy\" decoding=\"async\" class=\"size-full wp-image-11867 aligncenter\" src=\"https:\/\/blog.caritas.barcelona\/wp-content\/uploads\/sites\/2\/2022\/04\/20220423_CARLOS_PAYTUBI_SANT_JORDI-1-e1650625847148.jpg\" alt=\"\" width=\"768\" height=\"512\" \/><\/p>\n<p><strong>\u00bfHas escrito alguna otra novela, m\u00e1s all\u00e1 de este libro?<\/strong><\/p>\n<p>La verdad es que no. Al finalizar este libro, escrib\u00ed las \u201cCr\u00f3nicas de la COVID-19\u201d, que trata sobre mis vivencias durante los dos primeros meses de la pandemia. Nunca hab\u00eda escrito nada de esta extensi\u00f3n, ni mucho menos.<\/p>\n<p><strong>\u00bfPor qu\u00e9 has decidido ayudar a C\u00e1ritas a trav\u00e9s de este libro?<\/strong><\/p>\n<p>Me considero una persona cristiana. Como he comentado, me form\u00e9 con los Jesuitas, y formo parte de una entidad que depende de los Jesuitas, el Casal Loiola. Como persona, m\u00e1s all\u00e1 de mi espiritualidad, me afecta ver a la gente que sufre, que duerme en la calle, y cada vez soy m\u00e1s consciente de la suerte que tengo de poder comer todos los d\u00edas, disfrutar de una ducha caliente, dormir en un colch\u00f3n, etc. Esto es una suerte, y me molesta saber que hay tanta gente que lo est\u00e1 pasando mal. C\u00e1ritas es uno de los ejemplos m\u00e1s vivos a la hora de ayudar a las personas que sufren.<\/p>\n<p><strong>Entiendo que ser m\u00e9dico tiene una conexi\u00f3n con el libro y con la voluntad de ayudar a los dem\u00e1s\u2026<\/strong><\/p>\n<p>La medicina y la cristiandad han sido esenciales para escribir la novela. Me moviliz\u00f3 la idea de dar a conocer la vida de San Juan de Dios. Tambi\u00e9n hay cap\u00edtulos que son bastante autobiogr\u00e1ficos, puesto que mi experiencia como m\u00e9dico me ha permitido a\u00f1adir muchos elementos relacionados con la medicina.<\/p>\n<p><strong>\u00bfQu\u00e9 te gustar\u00eda que el lector se lleve al finalizar el libro?<\/strong><\/p>\n<p>Como dec\u00eda, es un libro para saborear, para leer poco a poco, aunque algunas personas me han dicho que una vez empezado les costaba dejarlo. Me entusiasma la m\u00fasica, la m\u00fasica cl\u00e1sica en concreto, y hay algo innovador en mi novela: Al inicio de cada cap\u00edtulo hay una sugerencia musical que permite entrar en la atm\u00f3sfera narrativa. Es un recurso que algunos lectores han utilizado y otros no, pero mucha gente me ha comentado que la m\u00fasica que he recomendado para leer cada cap\u00edtulo les ayuda a engancharse, como si fuera una pel\u00edcula.<\/p>\n<p>Mi objetivo es que el lector disfrute de una novela sana del siglo XXI, y que piense que las ganancias de la novela ir\u00e1n destinadas a una entidad como C\u00e1ritas, que se dedica a ayudar a personas que la vida no les sonr\u00ede.<\/p>\n<p><img loading=\"lazy\" decoding=\"async\" class=\"size-full wp-image-11869 aligncenter\" src=\"https:\/\/blog.caritas.barcelona\/wp-content\/uploads\/sites\/2\/2022\/04\/20220423_CARLOS_PAYTUBI_SANT_JORDI-2-e1650625874138.jpg\" alt=\"\" width=\"768\" height=\"512\" \/><\/p>\n","protected":false},"excerpt":{"rendered":"<p>Carlos Paytub\u00ed, autor de la novela \u201cEl Misterio del Pergamino Florentino\u201d, destinar\u00e1 los beneficios del libro a C\u00e1ritas Diocesana de Barcelona Carlos Paytub\u00ed (Barcelona, \u200b\u200b1964), estudi\u00f3 en los Jesuitas de Sarri\u00e0. Licenciado en Medicina y Cirug\u00eda por la Universidad Aut\u00f3noma de Barcelona, \u200b\u200bse form\u00f3 como m\u00e9dico internista en el Hospital de Santa Creu i Sant [&hellip;]<\/p>\n","protected":false},"author":4,"featured_media":11866,"comment_status":"open","ping_status":"open","sticky":false,"template":"","format":"standard","meta":{"footnotes":""},"categories":[21],"tags":[],"autor":[36],"class_list":["post-11872","post","type-post","status-publish","format-standard","has-post-thumbnail","hentry","category-institucional-es","autor-caritas-diocesana-de-barcelona-es"],"aioseo_notices":[],"_links":{"self":[{"href":"https:\/\/blog.caritas.barcelona\/es\/wp-json\/wp\/v2\/posts\/11872","targetHints":{"allow":["GET"]}}],"collection":[{"href":"https:\/\/blog.caritas.barcelona\/es\/wp-json\/wp\/v2\/posts"}],"about":[{"href":"https:\/\/blog.caritas.barcelona\/es\/wp-json\/wp\/v2\/types\/post"}],"author":[{"embeddable":true,"href":"https:\/\/blog.caritas.barcelona\/es\/wp-json\/wp\/v2\/users\/4"}],"replies":[{"embeddable":true,"href":"https:\/\/blog.caritas.barcelona\/es\/wp-json\/wp\/v2\/comments?post=11872"}],"version-history":[{"count":6,"href":"https:\/\/blog.caritas.barcelona\/es\/wp-json\/wp\/v2\/posts\/11872\/revisions"}],"predecessor-version":[{"id":11881,"href":"https:\/\/blog.caritas.barcelona\/es\/wp-json\/wp\/v2\/posts\/11872\/revisions\/11881"}],"wp:featuredmedia":[{"embeddable":true,"href":"https:\/\/blog.caritas.barcelona\/es\/wp-json\/wp\/v2\/media\/11866"}],"wp:attachment":[{"href":"https:\/\/blog.caritas.barcelona\/es\/wp-json\/wp\/v2\/media?parent=11872"}],"wp:term":[{"taxonomy":"category","embeddable":true,"href":"https:\/\/blog.caritas.barcelona\/es\/wp-json\/wp\/v2\/categories?post=11872"},{"taxonomy":"post_tag","embeddable":true,"href":"https:\/\/blog.caritas.barcelona\/es\/wp-json\/wp\/v2\/tags?post=11872"},{"taxonomy":"autor","embeddable":true,"href":"https:\/\/blog.caritas.barcelona\/es\/wp-json\/wp\/v2\/autor?post=11872"}],"curies":[{"name":"wp","href":"https:\/\/api.w.org\/{rel}","templated":true}]}}