{"id":11581,"date":"2022-02-12T10:04:08","date_gmt":"2022-02-12T09:04:08","guid":{"rendered":"https:\/\/blog.caritas.barcelona\/?p=11581"},"modified":"2022-02-12T10:04:08","modified_gmt":"2022-02-12T09:04:08","slug":"descansa-en-paz-obispo-toni","status":"publish","type":"post","link":"https:\/\/blog.caritas.barcelona\/es\/institucional-es\/descansa-en-paz-obispo-toni\/","title":{"rendered":"descansa en paz, obispo Toni"},"content":{"rendered":"<p>Desde C\u00e1ritas Diocesana de Barcelona <strong>expresamos nuestro profundo dolor por la muerte, hace unas horas, de Mons. Antoni Vadell, obispo auxiliar de Barcelona,<\/strong> a causa de una grave enfermedad.<\/p>\n<p><img loading=\"lazy\" decoding=\"async\" class=\"aligncenter wp-image-11578 size-large\" src=\"https:\/\/blog.caritas.barcelona\/wp-content\/uploads\/sites\/2\/2022\/02\/61c2fbb98827895bd860f203-1024x576.png\" alt=\"\" width=\"1024\" height=\"576\" srcset=\"https:\/\/blog.caritas.barcelona\/wp-content\/uploads\/sites\/2\/2022\/02\/61c2fbb98827895bd860f203-1024x576.png 1024w, https:\/\/blog.caritas.barcelona\/wp-content\/uploads\/sites\/2\/2022\/02\/61c2fbb98827895bd860f203-300x169.png 300w, https:\/\/blog.caritas.barcelona\/wp-content\/uploads\/sites\/2\/2022\/02\/61c2fbb98827895bd860f203-768x432.png 768w, https:\/\/blog.caritas.barcelona\/wp-content\/uploads\/sites\/2\/2022\/02\/61c2fbb98827895bd860f203-1536x864.png 1536w, https:\/\/blog.caritas.barcelona\/wp-content\/uploads\/sites\/2\/2022\/02\/61c2fbb98827895bd860f203.png 1920w\" sizes=\"auto, (max-width: 1024px) 100vw, 1024px\" \/><\/p>\n<p>La paz del Se\u00f1or ya acoge a nuestro querido obispo Toni, rezamos por \u00e9l y <strong>damos nuestro m\u00e1s sentido p\u00e9same a su familia, amigos, as\u00ed como a sus compa\u00f1eros y compa\u00f1eras del Arzobispado de Barcelona, al resto de obispos auxiliares y al cardenal arzobispo.<\/strong><\/p>\n<p>Su <strong>ternura, amabilidad, humildad, simpat\u00eda, y su devoci\u00f3n y vocaci\u00f3n de ayuda a los otros desde la fe cristiana, han dejado una impronta imborrable en nuestros corazones<\/strong> que nunca olvidaremos. Recordamos con mucho cari\u00f1o todo lo que hemos compartido con \u00e9l y damos gracias a Dios por esos momentos. Descanse en la paz del Se\u00f1or.<\/p>\n<p>Adjuntamos el <a href=\"https:\/\/esglesia.barcelona\/es\/actualitat\/ha-fallecido-mons-antoni-vadell-i-ferrer-obispo-auxiliar-de-barcelona\/\" target=\"_blank\" rel=\"noopener\"><strong>comunicado de prensa que ha emitido el Arzobispado de Barcelona<\/strong><\/a>.<\/p>\n","protected":false},"excerpt":{"rendered":"<p>Desde C\u00e1ritas Diocesana de Barcelona expresamos nuestro profundo dolor por la muerte, hace unas horas, de Mons. Antoni Vadell, obispo auxiliar de Barcelona, a causa de una grave enfermedad. La paz del Se\u00f1or ya acoge a nuestro querido obispo Toni, rezamos por \u00e9l y damos nuestro m\u00e1s sentido p\u00e9same a su familia, amigos, as\u00ed como [&hellip;]<\/p>\n","protected":false},"author":4,"featured_media":11578,"comment_status":"open","ping_status":"open","sticky":false,"template":"","format":"standard","meta":{"footnotes":""},"categories":[21],"tags":[],"autor":[36],"class_list":["post-11581","post","type-post","status-publish","format-standard","has-post-thumbnail","hentry","category-institucional-es","autor-caritas-diocesana-de-barcelona-es"],"aioseo_notices":[],"_links":{"self":[{"href":"https:\/\/blog.caritas.barcelona\/es\/wp-json\/wp\/v2\/posts\/11581","targetHints":{"allow":["GET"]}}],"collection":[{"href":"https:\/\/blog.caritas.barcelona\/es\/wp-json\/wp\/v2\/posts"}],"about":[{"href":"https:\/\/blog.caritas.barcelona\/es\/wp-json\/wp\/v2\/types\/post"}],"author":[{"embeddable":true,"href":"https:\/\/blog.caritas.barcelona\/es\/wp-json\/wp\/v2\/users\/4"}],"replies":[{"embeddable":true,"href":"https:\/\/blog.caritas.barcelona\/es\/wp-json\/wp\/v2\/comments?post=11581"}],"version-history":[{"count":1,"href":"https:\/\/blog.caritas.barcelona\/es\/wp-json\/wp\/v2\/posts\/11581\/revisions"}],"predecessor-version":[{"id":11582,"href":"https:\/\/blog.caritas.barcelona\/es\/wp-json\/wp\/v2\/posts\/11581\/revisions\/11582"}],"wp:featuredmedia":[{"embeddable":true,"href":"https:\/\/blog.caritas.barcelona\/es\/wp-json\/wp\/v2\/media\/11578"}],"wp:attachment":[{"href":"https:\/\/blog.caritas.barcelona\/es\/wp-json\/wp\/v2\/media?parent=11581"}],"wp:term":[{"taxonomy":"category","embeddable":true,"href":"https:\/\/blog.caritas.barcelona\/es\/wp-json\/wp\/v2\/categories?post=11581"},{"taxonomy":"post_tag","embeddable":true,"href":"https:\/\/blog.caritas.barcelona\/es\/wp-json\/wp\/v2\/tags?post=11581"},{"taxonomy":"autor","embeddable":true,"href":"https:\/\/blog.caritas.barcelona\/es\/wp-json\/wp\/v2\/autor?post=11581"}],"curies":[{"name":"wp","href":"https:\/\/api.w.org\/{rel}","templated":true}]}}