{"id":11492,"date":"2022-01-12T10:24:23","date_gmt":"2022-01-12T09:24:23","guid":{"rendered":"https:\/\/blog.caritas.barcelona\/?p=11492"},"modified":"2022-03-01T17:02:03","modified_gmt":"2022-03-01T16:02:03","slug":"el-edadismo-un-fenomeno-oculto-pero-creciente","status":"publish","type":"post","link":"https:\/\/blog.caritas.barcelona\/es\/personas-mayores\/el-edadismo-un-fenomeno-oculto-pero-creciente\/","title":{"rendered":"El edadismo: Un fen\u00f3meno oculto, pero creciente"},"content":{"rendered":"<p>La primera sesi\u00f3n de 2022 de los Dilluns dels Drets Humans aborda la discriminaci\u00f3n que sufren las personas mayores por raz\u00f3n de edad<\/p>\n<p><img loading=\"lazy\" decoding=\"async\" class=\"size-full wp-image-11483 aligncenter\" src=\"https:\/\/blog.caritas.barcelona\/wp-content\/uploads\/sites\/2\/2022\/01\/20220112_DILLUNS_DRETS_HUMANS_EDATISME-4-scaled-e1641979193757.jpg\" alt=\"\" width=\"768\" height=\"512\" \/><\/p>\n<p>A pesar de la sexta ola de la COVID-19, m\u00e1s de 40 personas siguieron de forma presencial o telem\u00e1tica la primera sesi\u00f3n del a\u00f1o de los Dilluns dels Drets Humans. Moderada por la periodista Milagros P\u00e9rez Oliva, la sesi\u00f3n cont\u00f3 con la participaci\u00f3n de Montse Celdr\u00e1n, psicogeront\u00f3loga y miembro del grupo de investigaci\u00f3n en envejecimiento de la Universidad de Barcelona, \u200b\u200by con Jordi Mu\u00f1oz, abogado y presidente de la Comisi\u00f3n de los Derechos de las Personas Mayores del ICAB.<\/p>\n<p>La moderadora inici\u00f3 su intervenci\u00f3n explicando que <strong>el edadismo es un fen\u00f3meno reciente, poco conocido, pero que tiene un impacto creciente en las personas mayores<\/strong>. \u201cEn \u00e9pocas anteriores, la edad era sin\u00f3nimo de experiencia, autoridad y respeto. A partir del surgimiento de la sociedad industrial, el conocimiento pasa a depender, en buena parte, del uso que sepas hacer de las nuevas tecnolog\u00edas, cosa que <strong>termina excluyendo a una parte de la poblaci\u00f3n, sobre todo a las personas mayores<\/strong>\u201d. La periodista dividi\u00f3 el per\u00edodo vital de una persona en tres etapas: Una primera etapa que engloba a las personas menores de 30 a\u00f1os, y que est\u00e1 marcada por la formaci\u00f3n constante y por la obtenci\u00f3n de nuevas experiencias vitales. Una segunda que va hasta los 60, y que se caracteriza por su dedicaci\u00f3n a la vida laboral. Finalmente, una tercera etapa que va de los 60 hacia adelante, y que engloba todo lo que tiene que ver con la jubilaci\u00f3n y hacerse mayor. <strong>\u201cEste \u00faltimo tercio de nuestra vida queda discriminado. Que nuestra sociedad tenga un alto \u00edndice de esperanza de vida deber\u00eda valorarse como una victoria, pero muchas veces se vende como una cat\u00e1strofe\u201d<\/strong>.<\/p>\n<p><img loading=\"lazy\" decoding=\"async\" class=\"size-full wp-image-11485 aligncenter\" src=\"https:\/\/blog.caritas.barcelona\/wp-content\/uploads\/sites\/2\/2022\/01\/20220112_DILLUNS_DRETS_HUMANS_EDATISME-19-scaled-e1641979227731.jpg\" alt=\"\" width=\"768\" height=\"512\" \/><\/p>\n<p>Por su parte, la psicogeront\u00f3loga Montse Celdr\u00e1n destac\u00f3 que el edadismo est\u00e1 caracterizado por una serie de estereotipos, sentimientos y conductas. <strong>\u201cCuando hablamos de personas mayores nos vienen a la cabeza una serie de t\u00f3picos, como son que las personas mayores no escuchan bien, que van despacio o que no entienden las cosas. Cada persona es distinta, y no podemos ponerlas a todos en un mismo saco\u201d<\/strong>. Para la psicogeront\u00f3loga, la sociedad actual tiene miedo a envejecer, y advirti\u00f3 que <strong>la manera en que tratamos a las personas mayores de ahora es c\u00f3mo posiblemente nos tratar\u00e1n a nosotros cuando seamos mayores<\/strong>. &#8220;El edadismo tiene consecuencias en la autonom\u00eda y la independencia de la persona, y estas limitaciones pueden acabar afectando al bienestar de los mayores&#8221;. Asimismo, hizo una apuesta por las pol\u00edticas intergeneracionales, ya que <strong>cuando juntas a j\u00f3venes y mayores, se producen sinergias que benefician a ambos grupos<\/strong>. Por \u00faltimo, Celdr\u00e1n alert\u00f3 de que la pandemia ha sido un factor de aislamiento de la gente mayor, y que la soledad o incomunicaci\u00f3n que muchas veces sufren hace que el maltrato f\u00edsico o psicol\u00f3gico que reciben quede oculto.<\/p>\n<p><strong>Seguidamente, el abogado Jordi Mu\u00f1oz explic\u00f3 que el edadismo es la tercera causa de discriminaci\u00f3n en el mundo<\/strong>, pero que desgraciadamente no existen movilizaciones ni protestas que cuestionen esta situaci\u00f3n. Para Mu\u00f1oz, a la sociedad no le gusta hacerse mayor, y buena prueba de ello es que <strong>solo en un 3% de los anuncios publicitarios aparecen personas mayores, cuando representan al 19% de la poblaci\u00f3n<\/strong>. Tambi\u00e9n record\u00f3 que las personas de edad m\u00e1s avanzada fueron las principales v\u00edctimas de la COVID-19, ya que un 25% de los fallecidos han sido de personas que viven en residencias. El abogado concluy\u00f3 su intervenci\u00f3n recordando que desde que somos peque\u00f1os recibimos inputs negativos respecto a las personas mayores, y que <strong>se necesitan pol\u00edticas inclusivas que puedan corregir estos d\u00e9ficits hacia la tercera edad.<\/strong><\/p>\n<p><img loading=\"lazy\" decoding=\"async\" class=\"size-full wp-image-11487 aligncenter\" src=\"https:\/\/blog.caritas.barcelona\/wp-content\/uploads\/sites\/2\/2022\/01\/20220112_DILLUNS_DRETS_HUMANS_EDATISME-25-scaled-e1641979257711.jpg\" alt=\"\" width=\"768\" height=\"512\" \/><\/p>\n","protected":false},"excerpt":{"rendered":"<p>La primera sesi\u00f3n de 2022 de los Dilluns dels Drets Humans aborda la discriminaci\u00f3n que sufren las personas mayores por raz\u00f3n de edad A pesar de la sexta ola de la COVID-19, m\u00e1s de 40 personas siguieron de forma presencial o telem\u00e1tica la primera sesi\u00f3n del a\u00f1o de los Dilluns dels Drets Humans. Moderada por [&hellip;]<\/p>\n","protected":false},"author":1,"featured_media":11490,"comment_status":"open","ping_status":"open","sticky":false,"template":"","format":"standard","meta":{"footnotes":""},"categories":[26],"tags":[],"autor":[1212],"class_list":["post-11492","post","type-post","status-publish","format-standard","has-post-thumbnail","hentry","category-personas-mayores","autor-jordi-julia-es"],"aioseo_notices":[],"_links":{"self":[{"href":"https:\/\/blog.caritas.barcelona\/es\/wp-json\/wp\/v2\/posts\/11492","targetHints":{"allow":["GET"]}}],"collection":[{"href":"https:\/\/blog.caritas.barcelona\/es\/wp-json\/wp\/v2\/posts"}],"about":[{"href":"https:\/\/blog.caritas.barcelona\/es\/wp-json\/wp\/v2\/types\/post"}],"author":[{"embeddable":true,"href":"https:\/\/blog.caritas.barcelona\/es\/wp-json\/wp\/v2\/users\/1"}],"replies":[{"embeddable":true,"href":"https:\/\/blog.caritas.barcelona\/es\/wp-json\/wp\/v2\/comments?post=11492"}],"version-history":[{"count":2,"href":"https:\/\/blog.caritas.barcelona\/es\/wp-json\/wp\/v2\/posts\/11492\/revisions"}],"predecessor-version":[{"id":11494,"href":"https:\/\/blog.caritas.barcelona\/es\/wp-json\/wp\/v2\/posts\/11492\/revisions\/11494"}],"wp:featuredmedia":[{"embeddable":true,"href":"https:\/\/blog.caritas.barcelona\/es\/wp-json\/wp\/v2\/media\/11490"}],"wp:attachment":[{"href":"https:\/\/blog.caritas.barcelona\/es\/wp-json\/wp\/v2\/media?parent=11492"}],"wp:term":[{"taxonomy":"category","embeddable":true,"href":"https:\/\/blog.caritas.barcelona\/es\/wp-json\/wp\/v2\/categories?post=11492"},{"taxonomy":"post_tag","embeddable":true,"href":"https:\/\/blog.caritas.barcelona\/es\/wp-json\/wp\/v2\/tags?post=11492"},{"taxonomy":"autor","embeddable":true,"href":"https:\/\/blog.caritas.barcelona\/es\/wp-json\/wp\/v2\/autor?post=11492"}],"curies":[{"name":"wp","href":"https:\/\/api.w.org\/{rel}","templated":true}]}}