{"id":11374,"date":"2021-11-22T12:54:42","date_gmt":"2021-11-22T11:54:42","guid":{"rendered":"https:\/\/blog.caritas.barcelona\/?p=11374"},"modified":"2021-11-28T14:53:55","modified_gmt":"2021-11-28T13:53:55","slug":"bla-bla-bla-o-seguimos-haciendo-invisble-la-exclusion-residencial","status":"publish","type":"post","link":"https:\/\/blog.caritas.barcelona\/es\/sin-hogar-y-vivienda\/bla-bla-bla-o-seguimos-haciendo-invisble-la-exclusion-residencial\/","title":{"rendered":"Bla bla bla\u2026 \u00bfo seguimos haciendo, invisible, la exclusi\u00f3n residencial?"},"content":{"rendered":"<p>El activismo ecologista liderado por las generaciones m\u00e1s j\u00f3venes est\u00e1 diciendo en voz alta que <strong>no podemos seguir hablando s\u00f3lo; la crisis social y clim\u00e1tica mundial ya es una emergencia y necesitamos tratarla como tal. <\/strong>Verla como &#8220;emergencia&#8221; y hacerla visible nos permitir\u00e1 actuar.<\/p>\n<p>No podemos seguir poniendo palabras para hacer ver que hacemos algo para que todo siga igual, o sea, cada vez peor. <strong>Las personas en situaci\u00f3n de extrema pobreza han aumentado exponencialmente en el \u00faltimo a\u00f1o. No podemos permitir que \u00e9ste volver a la normalidad despu\u00e9s de la pandemia vuelva a ser un bla bla bla.<\/strong><\/p>\n<p>Nos encontramos frente a <strong>una grave crisis econ\u00f3mica, sanitaria y social que est\u00e1 derivando en una sociedad cada vez m\u00e1s desigual.<\/strong><\/p>\n<p>El a\u00f1o pasado vimos c\u00f3mo muchas de las medidas dirigidas a la protecci\u00f3n y el cuidado de la poblaci\u00f3n en general en relaci\u00f3n con la pandemia; cuidado de la higiene, quedarse en casa o la distancia f\u00edsica, <strong>no supusieron una respuesta real para las personas que se encuentran en situaci\u00f3n de exclusi\u00f3n residencial. Esta situaci\u00f3n de mayor vulnerabilidad no tuvo una respuesta adecuada, gener\u00f3 situaciones de mayor exclusi\u00f3n, precisamente en el momento en que era necesaria una mayor protecci\u00f3n.<\/strong> En un momento de emergencia, las situaciones de aislamiento se agravaron a\u00fan m\u00e1s; los sistemas de protecci\u00f3n se debilitaron, dejando a las personas que m\u00e1s lo necesitaban muy desprotegidas.<\/p>\n<p><img loading=\"lazy\" decoding=\"async\" class=\"size-full wp-image-8643 aligncenter\" src=\"https:\/\/blog.caritas.barcelona\/wp-content\/uploads\/sites\/2\/2019\/11\/20181211_INFORME_HABITATGE_@C\u00c0RITAS_DIOCESANA_DE_BARCELONA_MINGO_VENERO-25-e1572863915374.jpg\" alt=\"\" width=\"768\" height=\"512\" \/><\/p>\n<p>Los sistemas de cuidado y protecci\u00f3n actuales <strong>no est\u00e1n siendo ni suficientes ni adecuados para afrontar la crisis social que sufren con mayor intensidad las personas m\u00e1s vulnerables. Reclamar medidas de atenci\u00f3n y cuidado adecuadas apela al derecho humano a la protecci\u00f3n social, no es una cuesti\u00f3n de valores humanos, s\u00f3lo es una cuesti\u00f3n de derechos.<\/strong><\/p>\n<p>Y ahora, \u00bfqu\u00e9? &#8230; Ahora que disminuyen las medidas de emergencia sanitaria nos preguntamos c\u00f3mo continuaremos el acompa\u00f1amiento social. <strong>\u00bfPor d\u00f3nde volver a empezar y qu\u00e9 necesitamos priorizar en el acompa\u00f1amiento a personas en situaci\u00f3n de exclusi\u00f3n residencial?<\/strong><\/p>\n<p>Ahora, con la relajaci\u00f3n de medidas, se hace a\u00fan m\u00e1s visible <strong>la desigualdad social y la exclusi\u00f3n residencial: La preocupante situaci\u00f3n cr\u00edtica de los mecanismos de protecci\u00f3n social que siguen siendo insuficientes y s\u00f3lo temporales para muchas personas.<\/strong> El trabajo precario e insuficiente que sigue sin dar posibilidades a todo el mundo. La especulaci\u00f3n en vivienda que sigue llevando a personas y familias a vivir en situaci\u00f3n de sin hogar. Sin vivienda, sin trabajo, sin protecci\u00f3n social.<\/p>\n<p>La situaci\u00f3n de extrema pobreza, ahora, se incrementa y sigue en nuestras calles. Que la pandemia sanitaria est\u00e9 en cierto modo controlada y puedan recuperarse espacios de vida que ten\u00edamos parados<strong> no puede llevarnos a hacer invisible el incremento de desigualdad social. Si la hacemos invisible creamos las condiciones para que todo siga igual.<\/strong><\/p>\n<p>La desigualdad no es el fracaso de una persona, es el fracaso de una comunidad que ahora no puede dar la vuelta. La sociedad, de la que todas y todos formamos parte, debe mirar y denunciar colectivamente, ser capaz de crear condiciones y generar inclusi\u00f3n.<\/p>\n<p>Si hemos necesitado una pandemia para aprender de la interdependencia mundial para darnos cuenta de la importancia de los cuidados en la vida, y, <strong>para aprender que todos tenemos derecho a un hogar para tener refugio ante las dificultades; no hacemos invisible ahora de nuevo la exclusi\u00f3n residencial.<\/strong><\/p>\n<p>Ya estamos frente a una emergencia social. <strong>No tener una vivienda digna es un derecho vulnerado. No lo hagamos invisible.<\/strong><\/p>\n","protected":false},"excerpt":{"rendered":"<p>El activismo ecologista liderado por las generaciones m\u00e1s j\u00f3venes est\u00e1 diciendo en voz alta que no podemos seguir hablando s\u00f3lo; la crisis social y clim\u00e1tica mundial ya es una emergencia y necesitamos tratarla como tal. Verla como &#8220;emergencia&#8221; y hacerla visible nos permitir\u00e1 actuar. No podemos seguir poniendo palabras para hacer ver que hacemos algo [&hellip;]<\/p>\n","protected":false},"author":4,"featured_media":8644,"comment_status":"open","ping_status":"open","sticky":false,"template":"","format":"standard","meta":{"footnotes":""},"categories":[24],"tags":[],"autor":[2085],"class_list":["post-11374","post","type-post","status-publish","format-standard","has-post-thumbnail","hentry","category-sin-hogar-y-vivienda","autor-marta-carames-2"],"aioseo_notices":[],"_links":{"self":[{"href":"https:\/\/blog.caritas.barcelona\/es\/wp-json\/wp\/v2\/posts\/11374","targetHints":{"allow":["GET"]}}],"collection":[{"href":"https:\/\/blog.caritas.barcelona\/es\/wp-json\/wp\/v2\/posts"}],"about":[{"href":"https:\/\/blog.caritas.barcelona\/es\/wp-json\/wp\/v2\/types\/post"}],"author":[{"embeddable":true,"href":"https:\/\/blog.caritas.barcelona\/es\/wp-json\/wp\/v2\/users\/4"}],"replies":[{"embeddable":true,"href":"https:\/\/blog.caritas.barcelona\/es\/wp-json\/wp\/v2\/comments?post=11374"}],"version-history":[{"count":2,"href":"https:\/\/blog.caritas.barcelona\/es\/wp-json\/wp\/v2\/posts\/11374\/revisions"}],"predecessor-version":[{"id":11391,"href":"https:\/\/blog.caritas.barcelona\/es\/wp-json\/wp\/v2\/posts\/11374\/revisions\/11391"}],"wp:featuredmedia":[{"embeddable":true,"href":"https:\/\/blog.caritas.barcelona\/es\/wp-json\/wp\/v2\/media\/8644"}],"wp:attachment":[{"href":"https:\/\/blog.caritas.barcelona\/es\/wp-json\/wp\/v2\/media?parent=11374"}],"wp:term":[{"taxonomy":"category","embeddable":true,"href":"https:\/\/blog.caritas.barcelona\/es\/wp-json\/wp\/v2\/categories?post=11374"},{"taxonomy":"post_tag","embeddable":true,"href":"https:\/\/blog.caritas.barcelona\/es\/wp-json\/wp\/v2\/tags?post=11374"},{"taxonomy":"autor","embeddable":true,"href":"https:\/\/blog.caritas.barcelona\/es\/wp-json\/wp\/v2\/autor?post=11374"}],"curies":[{"name":"wp","href":"https:\/\/api.w.org\/{rel}","templated":true}]}}