{"id":10967,"date":"2021-03-19T21:10:14","date_gmt":"2021-03-19T20:10:14","guid":{"rendered":"https:\/\/blog.caritas.barcelona\/?p=10967"},"modified":"2021-03-19T21:10:14","modified_gmt":"2021-03-19T20:10:14","slug":"caritas-acull-formacion-de-primera-acogida","status":"publish","type":"post","link":"https:\/\/blog.caritas.barcelona\/es\/mobilidad-humana\/caritas-acull-formacion-de-primera-acogida\/","title":{"rendered":"&#8216;C\u00e0ritas Acull&#8217;: Formaci\u00f3n de primera acogida"},"content":{"rendered":"<p>&#8216;C\u00e0ritas Acull&#8217; es un proyecto financiado por el Departamento de Trabajo, Asuntos Sociales y Familias y cofinanciado por el Fondo Social Europeo (FSE).<\/p>\n<p>Se trata de los M\u00f3dulos Formativos del Servicio de Primera Acogida que <strong>se imparten en l\u00ednea yde forma gratuita y que son de utilidad en los procesos de extranjer\u00eda<\/strong>. Los m\u00f3dulos de acogida incluyen formaci\u00f3n, acompa\u00f1amiento y certificaci\u00f3n de unos conocimientos que facilitar\u00e1n la vida y el trabajo en Catalu\u00f1a de las personas reci\u00e9n llegadas.<\/p>\n<p>La formaci\u00f3n se divide en cuatro m\u00f3dulos que cubren diferentes competencias: <strong>digital, conocimientos ling\u00fc\u00edsticos b\u00e1sicos de la lengua catalana, conocimientos laborales y de extranjer\u00eda y conocimiento de la sociedad catalana y su marco jur\u00eddico.<\/strong><\/p>\n<p><img loading=\"lazy\" decoding=\"async\" class=\"aligncenter wp-image-9992 size-large\" src=\"https:\/\/blog.caritas.barcelona\/wp-content\/uploads\/sites\/2\/2020\/07\/20190703_ESCOLA_OBERTA_AURORA_@MINGO-VENERO-3-1024x683.jpg\" alt=\"\" width=\"1024\" height=\"683\" srcset=\"https:\/\/blog.caritas.barcelona\/wp-content\/uploads\/sites\/2\/2020\/07\/20190703_ESCOLA_OBERTA_AURORA_@MINGO-VENERO-3-1024x683.jpg 1024w, https:\/\/blog.caritas.barcelona\/wp-content\/uploads\/sites\/2\/2020\/07\/20190703_ESCOLA_OBERTA_AURORA_@MINGO-VENERO-3-300x200.jpg 300w, https:\/\/blog.caritas.barcelona\/wp-content\/uploads\/sites\/2\/2020\/07\/20190703_ESCOLA_OBERTA_AURORA_@MINGO-VENERO-3-768x512.jpg 768w, https:\/\/blog.caritas.barcelona\/wp-content\/uploads\/sites\/2\/2020\/07\/20190703_ESCOLA_OBERTA_AURORA_@MINGO-VENERO-3-600x400.jpg 600w, https:\/\/blog.caritas.barcelona\/wp-content\/uploads\/sites\/2\/2020\/07\/20190703_ESCOLA_OBERTA_AURORA_@MINGO-VENERO-3-1536x1024.jpg 1536w, https:\/\/blog.caritas.barcelona\/wp-content\/uploads\/sites\/2\/2020\/07\/20190703_ESCOLA_OBERTA_AURORA_@MINGO-VENERO-3-2048x1365.jpg 2048w\" sizes=\"auto, (max-width: 1024px) 100vw, 1024px\" \/><\/p>\n<p>Todos estos m\u00f3dulos se realizan de manera virtual con profesorado especializado y una organizaci\u00f3n que permite seguir los cursos desde casa y <strong>en el horario que le vaya mejor a la persona que los cursa<\/strong>. Cada semana,\u00a0 entre los meses de febrero y junio, empiezan grupos\u00a0 en horario de mate y por la tarde. Tambi\u00e9n hay clase individual y apoyo personalizado.<\/p>\n<p>Estos m\u00f3dulos <strong>ofrecen informaci\u00f3n valiosa sobre la ley de extranjer\u00eda y sobre los requisitos para regularizar la situaci\u00f3n administrativa a las personas reci\u00e9n llegadas<\/strong>; sobre sus derechos y deberes en el\u00a0ambit\u00a0laboral y social\u00a0en Catalu\u00f1a; y sobre la cultura, la sociedad y la historia de Catalu\u00f1a.<\/p>\n<div class=\"traductor-textarea form-group\">\n<div class=\"textarea-desti col-xs-12 col-sm-6\">\n<div class=\"form-control second-textarea\">Una vez se tiene el 75% de asistencia y se haya pasado la maceta de evaluaci\u00f3n de conocimientos, se obtiene un certificado de aprovechamiento y asistencia que<strong> sirve para tramitar el Certificado del Servicio de Primera Acogida en los entes locales<\/strong>. Este certificado es de utilidad para procesos de extranjer\u00eda como el arraigo social, la participaci\u00f3n en programas de ocupaci\u00f3n financiados por el Servicio de Ocupaci\u00f3n de Catalu\u00f1a como el Programa de Trabajo y Formaci\u00f3n\u00a0ACOL\u00a0o para la adquisici\u00f3n de la nacionalidad, entre otras.<\/div>\n<\/div>\n<\/div>\n<div class=\"traductor-checkbox form-group\">\n<div class=\"row\">\n<div><\/div>\n<div class=\"col-sm-offset-2 col-sm-5\">Conoce la historia de Edbertha y Kevin:<\/div>\n<div><\/div>\n<\/div>\n<\/div>\n<p><iframe loading=\"lazy\" title=\"Programa ACOL\" width=\"500\" height=\"281\" src=\"https:\/\/www.youtube.com\/embed\/x4uQcBxH-3A?feature=oembed\" frameborder=\"0\" allow=\"accelerometer; autoplay; clipboard-write; encrypted-media; gyroscope; picture-in-picture; web-share\" referrerpolicy=\"strict-origin-when-cross-origin\" allowfullscreen><\/iframe><\/p>\n","protected":false},"excerpt":{"rendered":"<p>&#8216;C\u00e0ritas Acull&#8217; es un proyecto financiado por el Departamento de Trabajo, Asuntos Sociales y Familias y cofinanciado por el Fondo Social Europeo (FSE). Se trata de los M\u00f3dulos Formativos del Servicio de Primera Acogida que se imparten en l\u00ednea yde forma gratuita y que son de utilidad en los procesos de extranjer\u00eda. Los m\u00f3dulos de [&hellip;]<\/p>\n","protected":false},"author":4,"featured_media":9991,"comment_status":"open","ping_status":"open","sticky":false,"template":"","format":"standard","meta":{"footnotes":""},"categories":[25],"tags":[],"autor":[36],"class_list":["post-10967","post","type-post","status-publish","format-standard","has-post-thumbnail","hentry","category-mobilidad-humana","autor-caritas-diocesana-de-barcelona-es"],"aioseo_notices":[],"_links":{"self":[{"href":"https:\/\/blog.caritas.barcelona\/es\/wp-json\/wp\/v2\/posts\/10967","targetHints":{"allow":["GET"]}}],"collection":[{"href":"https:\/\/blog.caritas.barcelona\/es\/wp-json\/wp\/v2\/posts"}],"about":[{"href":"https:\/\/blog.caritas.barcelona\/es\/wp-json\/wp\/v2\/types\/post"}],"author":[{"embeddable":true,"href":"https:\/\/blog.caritas.barcelona\/es\/wp-json\/wp\/v2\/users\/4"}],"replies":[{"embeddable":true,"href":"https:\/\/blog.caritas.barcelona\/es\/wp-json\/wp\/v2\/comments?post=10967"}],"version-history":[{"count":1,"href":"https:\/\/blog.caritas.barcelona\/es\/wp-json\/wp\/v2\/posts\/10967\/revisions"}],"predecessor-version":[{"id":10968,"href":"https:\/\/blog.caritas.barcelona\/es\/wp-json\/wp\/v2\/posts\/10967\/revisions\/10968"}],"wp:featuredmedia":[{"embeddable":true,"href":"https:\/\/blog.caritas.barcelona\/es\/wp-json\/wp\/v2\/media\/9991"}],"wp:attachment":[{"href":"https:\/\/blog.caritas.barcelona\/es\/wp-json\/wp\/v2\/media?parent=10967"}],"wp:term":[{"taxonomy":"category","embeddable":true,"href":"https:\/\/blog.caritas.barcelona\/es\/wp-json\/wp\/v2\/categories?post=10967"},{"taxonomy":"post_tag","embeddable":true,"href":"https:\/\/blog.caritas.barcelona\/es\/wp-json\/wp\/v2\/tags?post=10967"},{"taxonomy":"autor","embeddable":true,"href":"https:\/\/blog.caritas.barcelona\/es\/wp-json\/wp\/v2\/autor?post=10967"}],"curies":[{"name":"wp","href":"https:\/\/api.w.org\/{rel}","templated":true}]}}