{"id":10855,"date":"2021-02-02T19:33:40","date_gmt":"2021-02-02T18:33:40","guid":{"rendered":"https:\/\/blog.caritas.barcelona\/?p=10855"},"modified":"2021-02-02T19:46:29","modified_gmt":"2021-02-02T18:46:29","slug":"los-lunes-de-los-derechos-humanos-nadie-es-ilegal-hacia-la-regularizacion-de-las-personas-migradas","status":"publish","type":"post","link":"https:\/\/blog.caritas.barcelona\/es\/mobilidad-humana\/los-lunes-de-los-derechos-humanos-nadie-es-ilegal-hacia-la-regularizacion-de-las-personas-migradas\/","title":{"rendered":"Nadie es ilegal. Hacia la regularizaci\u00f3n de las personas migradas"},"content":{"rendered":"<p>En el \u00faltimo Lunes de los Derechos Humanos, <strong>Miriam\u00a0Hatibi<\/strong>, consultora en comunicaci\u00f3n y activista, la\u00a0<strong>Dilara\u00a0Ekmen<\/strong>, referente de incidencia pol\u00edtica de la Comisi\u00f3n Catalana de Ayuda al Refugiado (CEAR)\u00a0y en <strong>Domingo Morales\u00a0Cabale<\/strong>, miembro de la Plataforma Fruta con Justicia Social, debatieron sobre diferentes cuestiones que afectan las personas migradas.<\/p>\n<p><img loading=\"lazy\" decoding=\"async\" class=\"aligncenter wp-image-10843 size-large\" src=\"https:\/\/blog.caritas.barcelona\/wp-content\/uploads\/sites\/2\/2021\/02\/EtKTAoMXMAUEeUd-1024x576.jpg\" alt=\"\" width=\"1024\" height=\"576\" srcset=\"https:\/\/blog.caritas.barcelona\/wp-content\/uploads\/sites\/2\/2021\/02\/EtKTAoMXMAUEeUd-1024x576.jpg 1024w, https:\/\/blog.caritas.barcelona\/wp-content\/uploads\/sites\/2\/2021\/02\/EtKTAoMXMAUEeUd-300x169.jpg 300w, https:\/\/blog.caritas.barcelona\/wp-content\/uploads\/sites\/2\/2021\/02\/EtKTAoMXMAUEeUd-768x432.jpg 768w, https:\/\/blog.caritas.barcelona\/wp-content\/uploads\/sites\/2\/2021\/02\/EtKTAoMXMAUEeUd-600x338.jpg 600w, https:\/\/blog.caritas.barcelona\/wp-content\/uploads\/sites\/2\/2021\/02\/EtKTAoMXMAUEeUd-1536x864.jpg 1536w, https:\/\/blog.caritas.barcelona\/wp-content\/uploads\/sites\/2\/2021\/02\/EtKTAoMXMAUEeUd.jpg 1920w\" sizes=\"auto, (max-width: 1024px) 100vw, 1024px\" \/><\/p>\n<p>El a\u00f1o 2000 se aprob\u00f3 una nueva Ley de Extranjer\u00eda que conden\u00f3 a <strong>la invisibilidad y la vida sin derechos miles de personas migradas<\/strong>. Desde entonces, nunca hab\u00eda estado tan vivo el debate sobre la regularizaci\u00f3n de todas ellas como durante el estado de alarma por la COVID-19.<\/p>\n<p>No solo ha pasado en Espa\u00f1a, e<strong>l movimiento\u00a0Black\u00a0lives\u00a0Matter<\/strong>\u00a0iniciado en los Estados Unidos ha traspasado fronteras y ha puesto sobre la mesa los derechos de las personas migradas en todo el mundo. <strong>El movimiento #Regularizaci\u00f3nYa<\/strong>, articulado por diferentes entidades y colectivos y surgido al inicio de la pandemia, pide<strong> regularizar masivamente todos los extranjeros que se encuentran de manera irregular en Espa\u00f1a.<\/strong><\/p>\n<p>&nbsp;<\/p>\n<p>Solo el 4% de las personas que piden asilo tienen una resoluci\u00f3n favorable<\/p>\n<p>Durante el debate, Dilara explic\u00f3 c\u00f3mo la CEAR, <strong>una vez denegada la solicitud de asilo de las personas, se encuentra con la Ley de Extranjer\u00eda<\/strong>. &#8220;En un periodo de tiempo muy corto estas personas pasan de formar parte de un programa, a quedar en una situaci\u00f3n administrativa irregular. <strong>En t\u00e9rminos reales las personas pierden todos sus derechos como ciudadanos,<\/strong> acceso a servicios, si estaban haciendo itinerarios de inserci\u00f3n los tienen que dejar, y todav\u00eda m\u00e1s macabro, si estas personas ten\u00edan un permiso de trabajo, se les retira&#8221;.<\/p>\n<p><img loading=\"lazy\" decoding=\"async\" class=\"wp-image-10841 size-large aligncenter\" src=\"https:\/\/blog.caritas.barcelona\/wp-content\/uploads\/sites\/2\/2021\/02\/j-1024x576.png\" alt=\"\" width=\"1024\" height=\"576\" srcset=\"https:\/\/blog.caritas.barcelona\/wp-content\/uploads\/sites\/2\/2021\/02\/j-1024x576.png 1024w, https:\/\/blog.caritas.barcelona\/wp-content\/uploads\/sites\/2\/2021\/02\/j-300x169.png 300w, https:\/\/blog.caritas.barcelona\/wp-content\/uploads\/sites\/2\/2021\/02\/j-768x432.png 768w, https:\/\/blog.caritas.barcelona\/wp-content\/uploads\/sites\/2\/2021\/02\/j-600x338.png 600w, https:\/\/blog.caritas.barcelona\/wp-content\/uploads\/sites\/2\/2021\/02\/j-1536x864.png 1536w, https:\/\/blog.caritas.barcelona\/wp-content\/uploads\/sites\/2\/2021\/02\/j.png 1920w\" sizes=\"auto, (max-width: 1024px) 100vw, 1024px\" \/><\/p>\n<p>Actualmente, explica, la mayor\u00eda de migrantes que llegan a Espa\u00f1a <strong>son personas que huyen de situaciones de violencia a pa\u00edses de Am\u00e9rica Latina y que llega con toda la familia.<\/strong> &#8220;Estamos hablando no de personas que venden suelas sino de familias con ni\u00f1os que se encuentran totalmente desprotegidas a las que, durante el proceso de demanda de asilo, los piden pruebas muy concretas, si has tenido que huir de una situaci\u00f3n complicada quiz\u00e1s no has tenido tiempo de recopilarlas&#8221;.<\/p>\n<p>&nbsp;<\/p>\n<p><strong>#Regularizaci\u00f3nYA<\/strong><\/p>\n<p>Durante el estado de alarma, muchas personas abocadas al mercado informal vieron parados de golpe sus ingresos <strong>sin la posibilidad de contar con ninguna ayuda que no fuera de las entidades sociales<\/strong>. Domingo Morales Cabale, miembro de la Plataforma Fruta con Justicia Social, tambi\u00e9n explic\u00f3 la situaci\u00f3n de muchos temporeros y las condiciones extremas que han sufrido este verano en muchos lugares del estado, especialmente en Lleida, su ciudad. &#8220;<strong>Se tiene que regularizar a la gente, hist\u00f3ricamente se ha hecho varias veces en Espa\u00f1a, el problema es la falta de voluntad pol\u00edtica, la regularizaci\u00f3n no se ve desde un punto humanitario sino desde otras perspectivas<\/strong>&#8220;, afirm\u00f3.<\/p>\n<p><img loading=\"lazy\" decoding=\"async\" class=\"wp-image-10839 size-large aligncenter\" src=\"https:\/\/blog.caritas.barcelona\/wp-content\/uploads\/sites\/2\/2021\/02\/ddhh-1024x576.png\" alt=\"\" width=\"1024\" height=\"576\" srcset=\"https:\/\/blog.caritas.barcelona\/wp-content\/uploads\/sites\/2\/2021\/02\/ddhh-1024x576.png 1024w, https:\/\/blog.caritas.barcelona\/wp-content\/uploads\/sites\/2\/2021\/02\/ddhh-300x169.png 300w, https:\/\/blog.caritas.barcelona\/wp-content\/uploads\/sites\/2\/2021\/02\/ddhh-768x432.png 768w, https:\/\/blog.caritas.barcelona\/wp-content\/uploads\/sites\/2\/2021\/02\/ddhh-600x338.png 600w, https:\/\/blog.caritas.barcelona\/wp-content\/uploads\/sites\/2\/2021\/02\/ddhh-1536x864.png 1536w, https:\/\/blog.caritas.barcelona\/wp-content\/uploads\/sites\/2\/2021\/02\/ddhh.png 1920w\" sizes=\"auto, (max-width: 1024px) 100vw, 1024px\" \/><\/p>\n<p>En este sentido, ambos ponentes apuntaron a la necesidad de <strong>visibilizar este debate en los medios de comunicaci\u00f3n y hacerlo presente en la agenda pol\u00edtica para poder llegar a lograr el objetivo de una regularizaci\u00f3n masiva<\/strong>, puesto que creen que solo las entidades que trabajan por los Derechos sociales hablan y crean espacios de debate y de propuestas.<\/p>\n<p>Por otro lado, creen que<strong> las personas que provienen del sur global encuentran m\u00e1s obst\u00e1culos para regularizar su situaci\u00f3n que personas que tienen una condici\u00f3n de estatus social<\/strong>. &#8220;Muchas pol\u00edticas se enfocan a obstaculizar que personas con determinadas condiciones socioecon\u00f3micas no puedan llegar a Europa&#8221;, explic\u00f3 Dilara.<\/p>\n<p>Mirando hacia el futuro, ambos ponentes ven factible la regularizaci\u00f3n. &#8220;Lo m\u00e1s importante es que hay gente que est\u00e1 trabajando en el tema, pero <strong>la presi\u00f3n social creo que tendr\u00eda que ser m\u00e1s fuerte, acabar con la invisibilitzaci\u00f3 de las personas sin papeles es el primer paso<\/strong> para concienciar y llegar a lograr este objetivo&#8221;, afirm\u00f3\u00a0 Domingo. &#8220;Hay que acabar con la percepci\u00f3n que si se regularizan las personas se provoca un efecto grita porque no podemos trabajar con suposiciones del que puede pasar, <strong>hay que trabajar con la vida y las condiciones de las personas que ya est\u00e1n aqu\u00ed y que piden ser regularizadas<\/strong>&#8220;, concluy\u00f3 Dilara.<\/p>\n<p>puedes recuperar el debate clicando en el siguiente enlace: <a href=\"https:\/\/youtu.be\/QaDFvqkttqA\">https:\/\/youtu.be\/QaDFvqkttqA<\/a><\/p>\n","protected":false},"excerpt":{"rendered":"<p>En el \u00faltimo Lunes de los Derechos Humanos, Miriam\u00a0Hatibi, consultora en comunicaci\u00f3n y activista, la\u00a0Dilara\u00a0Ekmen, referente de incidencia pol\u00edtica de la Comisi\u00f3n Catalana de Ayuda al Refugiado (CEAR)\u00a0y en Domingo Morales\u00a0Cabale, miembro de la Plataforma Fruta con Justicia Social, debatieron sobre diferentes cuestiones que afectan las personas migradas. El a\u00f1o 2000 se aprob\u00f3 una nueva [&hellip;]<\/p>\n","protected":false},"author":4,"featured_media":10844,"comment_status":"open","ping_status":"open","sticky":false,"template":"","format":"standard","meta":{"footnotes":""},"categories":[25],"tags":[],"autor":[2030],"class_list":["post-10855","post","type-post","status-publish","format-standard","has-post-thumbnail","hentry","category-mobilidad-humana","autor-aida-boladeres"],"aioseo_notices":[],"_links":{"self":[{"href":"https:\/\/blog.caritas.barcelona\/es\/wp-json\/wp\/v2\/posts\/10855","targetHints":{"allow":["GET"]}}],"collection":[{"href":"https:\/\/blog.caritas.barcelona\/es\/wp-json\/wp\/v2\/posts"}],"about":[{"href":"https:\/\/blog.caritas.barcelona\/es\/wp-json\/wp\/v2\/types\/post"}],"author":[{"embeddable":true,"href":"https:\/\/blog.caritas.barcelona\/es\/wp-json\/wp\/v2\/users\/4"}],"replies":[{"embeddable":true,"href":"https:\/\/blog.caritas.barcelona\/es\/wp-json\/wp\/v2\/comments?post=10855"}],"version-history":[{"count":2,"href":"https:\/\/blog.caritas.barcelona\/es\/wp-json\/wp\/v2\/posts\/10855\/revisions"}],"predecessor-version":[{"id":10859,"href":"https:\/\/blog.caritas.barcelona\/es\/wp-json\/wp\/v2\/posts\/10855\/revisions\/10859"}],"wp:featuredmedia":[{"embeddable":true,"href":"https:\/\/blog.caritas.barcelona\/es\/wp-json\/wp\/v2\/media\/10844"}],"wp:attachment":[{"href":"https:\/\/blog.caritas.barcelona\/es\/wp-json\/wp\/v2\/media?parent=10855"}],"wp:term":[{"taxonomy":"category","embeddable":true,"href":"https:\/\/blog.caritas.barcelona\/es\/wp-json\/wp\/v2\/categories?post=10855"},{"taxonomy":"post_tag","embeddable":true,"href":"https:\/\/blog.caritas.barcelona\/es\/wp-json\/wp\/v2\/tags?post=10855"},{"taxonomy":"autor","embeddable":true,"href":"https:\/\/blog.caritas.barcelona\/es\/wp-json\/wp\/v2\/autor?post=10855"}],"curies":[{"name":"wp","href":"https:\/\/api.w.org\/{rel}","templated":true}]}}