{"id":10777,"date":"2021-01-05T12:57:47","date_gmt":"2021-01-05T11:57:47","guid":{"rendered":"https:\/\/blog.caritas.barcelona\/?p=10777"},"modified":"2021-01-05T12:58:53","modified_gmt":"2021-01-05T11:58:53","slug":"shhhh-es-un-secret","status":"publish","type":"post","link":"https:\/\/blog.caritas.barcelona\/es\/familia-e-infancia\/shhhh-es-un-secret\/","title":{"rendered":"Shhhh &#8230; \u00a1es un secreto!"},"content":{"rendered":"<p>Es el secreto mejor guardado del mundo, pero los mayores de casa sabemos que los Reyes Magos somos nosotros, los padres y las madres. <strong>Somos los que conocemos mejor a nuestros hijos, y sabemos lo que desean, aunque no lo hayan escrito en sus cartas<\/strong>. Los padres y las madres pensamos en lo que necesitan, en lo que les puede ser \u00fatil, pero tambi\u00e9n en lo que nos podemos permitir.<\/p>\n<p style=\"text-align: center\"><img loading=\"lazy\" decoding=\"async\" class=\"size-full wp-image-10772 aligncenter\" src=\"https:\/\/blog.caritas.barcelona\/wp-content\/uploads\/sites\/2\/2021\/01\/20200103_PATGE_HOTEL_ARTS_GLAMPARETES-52-scaled-e1609847589158.jpg\" alt=\"\" width=\"768\" height=\"512\" \/><\/p>\n<p>Vuelve a ser Navidad, tambi\u00e9n en el Espacio Polivalente Roquetas de C\u00e1ritas, situado en la Parroquia de Santa Mar\u00eda Magdalena. <strong>Es una Navidad diferente, marcada por la COVID-19 y la crisis social que se deriva. Este ha sido un a\u00f1o dif\u00edcil para todos, pero especialmente para las familias m\u00e1s vulnerables que acogemos y acompa\u00f1amos desde este proyecto<\/strong>.<\/p>\n<p>Desde el Espacio Polivalente Roquetes constatamos la fragilidad de muchas de las familias que vienen a la Parroquia. Como quien va a casa buscando un cobijo, un espacio de acogida, caras amigas, una infusi\u00f3n caliente o una conversaci\u00f3n tranquila, el espacio ofrece un momento de calma en las dif\u00edciles vidas de muchas de estas personas. En los encuentros, las familias nos manifiestan cosas como: &#8220;Tengo un desahucio a principios de a\u00f1o&#8221;, &#8220;No he cobrado el ERTE&#8221;, &#8220;Estoy solo y nadie me ayuda&#8221;, &#8220;A veces no tengo fuerzas para llevar a la ni\u00f1a en la escuela\u201d o \u201cNo puedo soportar m\u00e1s esta situaci\u00f3n&#8221;. <strong>Intentamos buscar soluciones con las familias, las acompa\u00f1amos en el dif\u00edcil camino de la vulnerabilidad social y econ\u00f3mica<\/strong>.<\/p>\n<p><img loading=\"lazy\" decoding=\"async\" class=\"size-full wp-image-10770 aligncenter\" src=\"https:\/\/blog.caritas.barcelona\/wp-content\/uploads\/sites\/2\/2021\/01\/MAPFRE.fw_-e1609847549814.png\" alt=\"\" width=\"768\" height=\"410\" \/><\/p>\n<p>Por eso nos ha emocionado que esta Navidad, y <strong>gracias a una treintena de cajitas Mapfre acompa\u00f1adas de una tarjeta con una cantidad econ\u00f3mica, los padres y las madres hayan tenido la oportunidad de comprar los regalos de Reyes de sus peque\u00f1os<\/strong>. Creemos que es imprescindible que los ni\u00f1os reciban el regalo que deciden sus padres, y no &#8220;lo que toca por la campa\u00f1a de Reyes&#8221;. <strong>El sistema familiar se ordena y se empodera cuando cada uno ocupa su lugar, y con acciones como esta lo hacemos posible<\/strong>.<\/p>\n<p><strong>Antes de Navidad, citamos a las familias y les dijimos: Shhhh&#8230; \u00a1es un secreto! Que no salga de aqu\u00ed&#8230;: los Reyes son los padres. Y los padres y las madres deben poder comprar juguetes, ofrecer una comida especial o una muda para estrenar<\/strong>. Dimos las cajitas Mapfre con la tarjeta regalo dentro, y las reacciones de las familias no se hicieron esperar. Fueron muy diversas, sobre todo de sorpresa y agradecimiento:<\/p>\n<p>Carla * nos miraba con incredulidad. Su familia est\u00e1 pasando un momento dif\u00edcil, y cogi\u00e9ndonos fuerte las manos, lloraba diciendo: <strong>&#8220;A pesar de que estoy sola, sois mi familia&#8221;<\/strong>. Vicky hizo un salto de la silla, alz\u00f3 la cajita y comenz\u00f3 a bailar con su gracia africana, como si diera las gracias al Dios del Sol. Olga, antes de coger la tarjeta, nos pregunt\u00f3: &#8220;Para Sara tambi\u00e9n? Ella lo necesita&#8221;. Asentimos, y sin coger su regalo corri\u00f3 a buscar el m\u00f3vil para llamar a Sara y explicarle la buena nueva. Paula abri\u00f3 los ojos como platos diciendo: <strong>&#8220;por lo tanto, yo ya soy de aqu\u00ed&#8221;, ley\u00e9ndolo como un gesto inequ\u00edvoco de pertenencia a la gran familia<\/strong>. Aina vino con su hija mayor, y corri\u00f3 hacia la ventana, la abri\u00f3, y observando el skyline de Barcelona grit\u00f3 en direcci\u00f3n a las Torres Mapfre: &#8220;Gracias!&#8221;. Gina, mirarnos y dijo: &#8220;Este a\u00f1o compramos nosotros los regalos y no vosotros, \u00a1qu\u00e9 bien!&#8221;. <strong>\u00bfCu\u00e1ntas veces el &#8220;vosotros&#8221; ha suplantado el papel de los padres a la hora de dar respuesta a las necesidades de sus ni\u00f1os?<\/strong><\/p>\n<p><strong>\u00a0<\/strong><strong>Juntos hemos conseguido que, a pesar de la pandemia y la fragilidad, la magia de Navidad haya podido llegar a los hogares de los m\u00e1s vulnerables.<\/strong><\/p>\n<p>* Nombres ficticios<\/p>\n<p><img loading=\"lazy\" decoding=\"async\" class=\"size-full wp-image-10774 aligncenter\" src=\"https:\/\/blog.caritas.barcelona\/wp-content\/uploads\/sites\/2\/2021\/01\/PAPA_NOEL_MAFRE.fw_.png\" alt=\"\" width=\"597\" height=\"597\" srcset=\"https:\/\/blog.caritas.barcelona\/wp-content\/uploads\/sites\/2\/2021\/01\/PAPA_NOEL_MAFRE.fw_.png 597w, https:\/\/blog.caritas.barcelona\/wp-content\/uploads\/sites\/2\/2021\/01\/PAPA_NOEL_MAFRE.fw_-300x300.png 300w, https:\/\/blog.caritas.barcelona\/wp-content\/uploads\/sites\/2\/2021\/01\/PAPA_NOEL_MAFRE.fw_-150x150.png 150w\" sizes=\"auto, (max-width: 597px) 100vw, 597px\" \/><\/p>\n","protected":false},"excerpt":{"rendered":"<p>Es el secreto mejor guardado del mundo, pero los mayores de casa sabemos que los Reyes Magos somos nosotros, los padres y las madres. Somos los que conocemos mejor a nuestros hijos, y sabemos lo que desean, aunque no lo hayan escrito en sus cartas. Los padres y las madres pensamos en lo que necesitan, [&hellip;]<\/p>\n","protected":false},"author":4,"featured_media":10771,"comment_status":"open","ping_status":"open","sticky":false,"template":"","format":"standard","meta":{"footnotes":""},"categories":[28],"tags":[],"autor":[36],"class_list":["post-10777","post","type-post","status-publish","format-standard","has-post-thumbnail","hentry","category-familia-e-infancia","autor-caritas-diocesana-de-barcelona-es"],"aioseo_notices":[],"_links":{"self":[{"href":"https:\/\/blog.caritas.barcelona\/es\/wp-json\/wp\/v2\/posts\/10777","targetHints":{"allow":["GET"]}}],"collection":[{"href":"https:\/\/blog.caritas.barcelona\/es\/wp-json\/wp\/v2\/posts"}],"about":[{"href":"https:\/\/blog.caritas.barcelona\/es\/wp-json\/wp\/v2\/types\/post"}],"author":[{"embeddable":true,"href":"https:\/\/blog.caritas.barcelona\/es\/wp-json\/wp\/v2\/users\/4"}],"replies":[{"embeddable":true,"href":"https:\/\/blog.caritas.barcelona\/es\/wp-json\/wp\/v2\/comments?post=10777"}],"version-history":[{"count":4,"href":"https:\/\/blog.caritas.barcelona\/es\/wp-json\/wp\/v2\/posts\/10777\/revisions"}],"predecessor-version":[{"id":10781,"href":"https:\/\/blog.caritas.barcelona\/es\/wp-json\/wp\/v2\/posts\/10777\/revisions\/10781"}],"wp:featuredmedia":[{"embeddable":true,"href":"https:\/\/blog.caritas.barcelona\/es\/wp-json\/wp\/v2\/media\/10771"}],"wp:attachment":[{"href":"https:\/\/blog.caritas.barcelona\/es\/wp-json\/wp\/v2\/media?parent=10777"}],"wp:term":[{"taxonomy":"category","embeddable":true,"href":"https:\/\/blog.caritas.barcelona\/es\/wp-json\/wp\/v2\/categories?post=10777"},{"taxonomy":"post_tag","embeddable":true,"href":"https:\/\/blog.caritas.barcelona\/es\/wp-json\/wp\/v2\/tags?post=10777"},{"taxonomy":"autor","embeddable":true,"href":"https:\/\/blog.caritas.barcelona\/es\/wp-json\/wp\/v2\/autor?post=10777"}],"curies":[{"name":"wp","href":"https:\/\/api.w.org\/{rel}","templated":true}]}}