{"id":10595,"date":"2020-11-20T13:54:48","date_gmt":"2020-11-20T12:54:48","guid":{"rendered":"https:\/\/blog.caritas.barcelona\/?p=10595"},"modified":"2020-11-20T13:54:48","modified_gmt":"2020-11-20T12:54:48","slug":"caritas-alerta-del-aumento-de-la-vulneracion-de-derechos-que-sufre-la-infancia-mas-vulnerable-a-causa-de-la-covid-19","status":"publish","type":"post","link":"https:\/\/blog.caritas.barcelona\/es\/familia-e-infancia\/caritas-alerta-del-aumento-de-la-vulneracion-de-derechos-que-sufre-la-infancia-mas-vulnerable-a-causa-de-la-covid-19\/","title":{"rendered":"C\u00e1ritas alerta del aumento de la vulneraci\u00f3n de derechos que sufre la infancia m\u00e1s vulnerable a causa de la Covid-19"},"content":{"rendered":"<p><em>Hoy, D\u00eda Internacional de los Derechos de la infancia, en C\u00e1ritas alertamos que la actual crisis causada por la pandemia est\u00e1 privando a los menores en situaci\u00f3n social m\u00e1s precaria de parte de su infancia y adolescencia, de sus propios tiempos, que son muy diferentes a los de los adultos.<\/em><\/p>\n<p>Esta distancia f\u00edsica que estamos viviendo quita a los ni\u00f1os y adolescentes espacios de seguridad y confianza, y <strong>les est\u00e1 empujando a cierta invisibilidad social en su vida cotidiana, con el consiguiente riesgo de mengua de sus derechos y de sus expectativas de presente y futuro. Esta invisibilidad de los ni\u00f1os y adolescentes les pone en una situaci\u00f3n de mayor riesgo de sufrir violencias<\/strong>. Si ponemos la mirada en la prevalencia de la Covid en ni\u00f1os y adolescentes, en comparaci\u00f3n con diferentes tipos de maltrato infantil, los datos nos dicen claramente que tenemos que continuar haciendo un esfuerzo para detectar las situaciones desde los diferentes servicios que apoyamos a los ni\u00f1os. Mientras la prevalencia de la Covid con ni\u00f1os se sit\u00faa en el 3,8%, el abuso sexual infantil lo hace en un 9\u20196%, el maltrato f\u00edsico en un 22,6% y el maltrato emocional en un 29,6%.<\/p>\n<figure id=\"attachment_10584\" aria-describedby=\"caption-attachment-10584\" style=\"width: 1024px\" class=\"wp-caption aligncenter\"><img loading=\"lazy\" decoding=\"async\" class=\"wp-image-10584 size-large\" src=\"https:\/\/blog.caritas.barcelona\/wp-content\/uploads\/sites\/2\/2020\/11\/20201021_REFOR\u00c7_PARROQUIA_SANTA_MARIA_MAGDALENA_@DANI_CODINA-12-1024x768.jpg\" alt=\"\" width=\"1024\" height=\"768\" srcset=\"https:\/\/blog.caritas.barcelona\/wp-content\/uploads\/sites\/2\/2020\/11\/20201021_REFOR\u00c7_PARROQUIA_SANTA_MARIA_MAGDALENA_@DANI_CODINA-12-1024x768.jpg 1024w, https:\/\/blog.caritas.barcelona\/wp-content\/uploads\/sites\/2\/2020\/11\/20201021_REFOR\u00c7_PARROQUIA_SANTA_MARIA_MAGDALENA_@DANI_CODINA-12-300x225.jpg 300w, https:\/\/blog.caritas.barcelona\/wp-content\/uploads\/sites\/2\/2020\/11\/20201021_REFOR\u00c7_PARROQUIA_SANTA_MARIA_MAGDALENA_@DANI_CODINA-12-768x576.jpg 768w, https:\/\/blog.caritas.barcelona\/wp-content\/uploads\/sites\/2\/2020\/11\/20201021_REFOR\u00c7_PARROQUIA_SANTA_MARIA_MAGDALENA_@DANI_CODINA-12-600x450.jpg 600w, https:\/\/blog.caritas.barcelona\/wp-content\/uploads\/sites\/2\/2020\/11\/20201021_REFOR\u00c7_PARROQUIA_SANTA_MARIA_MAGDALENA_@DANI_CODINA-12-1536x1152.jpg 1536w, https:\/\/blog.caritas.barcelona\/wp-content\/uploads\/sites\/2\/2020\/11\/20201021_REFOR\u00c7_PARROQUIA_SANTA_MARIA_MAGDALENA_@DANI_CODINA-12-2048x1536.jpg 2048w, https:\/\/blog.caritas.barcelona\/wp-content\/uploads\/sites\/2\/2020\/11\/20201021_REFOR\u00c7_PARROQUIA_SANTA_MARIA_MAGDALENA_@DANI_CODINA-12-scaled.jpg 1440w\" sizes=\"auto, (max-width: 1024px) 100vw, 1024px\" \/><figcaption id=\"caption-attachment-10584\" class=\"wp-caption-text\">Parr\u00f2quia de Santa Maria Magdalena. Grup de reforc\u0327 a Roquetes 9B<\/figcaption><\/figure>\n<p><strong>La proximidad es clave<\/strong><\/p>\n<p>Son tiempos marcados por la incertidumbre, y en C\u00e1ritas detectan diariamente que la crisis no est\u00e1 siendo igual para todos, puesto que las familias m\u00e1s fr\u00e1giles son las que est\u00e1n viendo como empeoran con m\u00e1s rapidez e intensidad sus condiciones de vida.<\/p>\n<p>Como se\u00f1ala Carmen Garc\u00eda, responsable del Programa de Infancia, Adolescencia y Familia de C\u00e1ritas Espa\u00f1ola, &#8220;lejos de encontrarnos ante una nueva normalidad, estamos ante una nueva realidad que nos cambiar\u00e1 a todos de manera definitiva, pero muy especialmente a los ni\u00f1os, porque si algo han aprendido en esta etapa de crisis es que la vida puede pararse en un momento, y que el personal docente y la escuela son fundamentales para un aprendizaje significativo\u201d. Garc\u00eda tambi\u00e9n explica que <strong>\u201cmucho m\u00e1s all\u00e1 de internet y las redes sociales, la proximidad es clave; por eso los centros educativos son un escenario en el cual no solo los menores aprenden, sino tambi\u00e9n se relacionan y crecen como personas &#8220;<\/strong>.<\/p>\n<p>Esta crisis est\u00e1 cambiando muchas cosas y cambiar\u00e1 tambi\u00e9n a los ni\u00f1os, ni\u00f1as y adolescentes. Como viene pidiendo C\u00e1ritas desde el inicio de la pandemia, <strong>urgen pol\u00edticas p\u00fablicas que protejan a los m\u00e1s vulnerables, y tambi\u00e9n, los derechos de la infancia y la adolescencia, porque en la medida que no se corrijan estas condiciones, corremos el riesgo de consolidar una sociedad todav\u00eda m\u00e1s desigual e injusta.<\/strong><\/p>\n<p>La celebraci\u00f3n de este d\u00eda Internacional es una ocasi\u00f3n \u00f3ptima para alertar sobre el <strong>riesgo real que se &#8220;pierda&#8221; a toda esta generaci\u00f3n de ni\u00f1os, ni\u00f1as y j\u00f3venes en situaci\u00f3n de vulnerabilidad, que est\u00e1n emocionalmente impactados con la situaci\u00f3n creada con la pandemia y expuestos a factores a\u00f1adidos de exclusi\u00f3n social.<\/strong><\/p>\n<figure id=\"attachment_10588\" aria-describedby=\"caption-attachment-10588\" style=\"width: 1024px\" class=\"wp-caption aligncenter\"><img loading=\"lazy\" decoding=\"async\" class=\"wp-image-10588 size-large\" src=\"https:\/\/blog.caritas.barcelona\/wp-content\/uploads\/sites\/2\/2020\/11\/20201021_REFOR\u00c7_PARROQUIA_SANTA_MARIA_MAGDALENA_@DANI_CODINA-19-1024x768.jpg\" alt=\"\" width=\"1024\" height=\"768\" srcset=\"https:\/\/blog.caritas.barcelona\/wp-content\/uploads\/sites\/2\/2020\/11\/20201021_REFOR\u00c7_PARROQUIA_SANTA_MARIA_MAGDALENA_@DANI_CODINA-19-1024x768.jpg 1024w, https:\/\/blog.caritas.barcelona\/wp-content\/uploads\/sites\/2\/2020\/11\/20201021_REFOR\u00c7_PARROQUIA_SANTA_MARIA_MAGDALENA_@DANI_CODINA-19-300x225.jpg 300w, https:\/\/blog.caritas.barcelona\/wp-content\/uploads\/sites\/2\/2020\/11\/20201021_REFOR\u00c7_PARROQUIA_SANTA_MARIA_MAGDALENA_@DANI_CODINA-19-768x576.jpg 768w, https:\/\/blog.caritas.barcelona\/wp-content\/uploads\/sites\/2\/2020\/11\/20201021_REFOR\u00c7_PARROQUIA_SANTA_MARIA_MAGDALENA_@DANI_CODINA-19-600x450.jpg 600w, https:\/\/blog.caritas.barcelona\/wp-content\/uploads\/sites\/2\/2020\/11\/20201021_REFOR\u00c7_PARROQUIA_SANTA_MARIA_MAGDALENA_@DANI_CODINA-19-1536x1152.jpg 1536w, https:\/\/blog.caritas.barcelona\/wp-content\/uploads\/sites\/2\/2020\/11\/20201021_REFOR\u00c7_PARROQUIA_SANTA_MARIA_MAGDALENA_@DANI_CODINA-19-2048x1536.jpg 2048w, https:\/\/blog.caritas.barcelona\/wp-content\/uploads\/sites\/2\/2020\/11\/20201021_REFOR\u00c7_PARROQUIA_SANTA_MARIA_MAGDALENA_@DANI_CODINA-19-scaled.jpg 1440w\" sizes=\"auto, (max-width: 1024px) 100vw, 1024px\" \/><figcaption id=\"caption-attachment-10588\" class=\"wp-caption-text\">Parr\u00f2quia de Santa Maria Magdalena. Grup de reforc\u0327 a Roquetes 9B<\/figcaption><\/figure>\n<p><strong>\u00a0<\/strong><\/p>\n<p><strong>Propuestas y retos de acompa\u00f1amiento<\/strong><\/p>\n<p>El Programa de Familias e Infancia apuesta en esta jornada porque en esta situaci\u00f3n de crisis <strong>ning\u00fan ni\u00f1o y ni\u00f1a retroceda, no solo en sus niveles de protecci\u00f3n de derechos b\u00e1sicos como alimentaci\u00f3n, salud o educaci\u00f3n (base fundamental de sus desigualdades), sino tampoco en niveles afectivos, como la ilusi\u00f3n, los abrazos y el amor que proporcionan seguridad y proximidad.<\/strong><\/p>\n<p>Por eso, desde C\u00e1ritas Espa\u00f1ola se se\u00f1alan cinco ejes estrat\u00e9gicos desde nuestra acci\u00f3n para garantizar este objetivo:<\/p>\n<ol>\n<li><strong>Certezas ante la incertidumbre<\/strong>: C\u00e1ritas apuesta para seguir acompa\u00f1ando cada ni\u00f1o y adolescente en situaci\u00f3n de vulnerabilidad, andando a su lado, compartiendo sus preocupaciones y esperanzas, y optando sin equ\u00edvocos por la defensa de sus derechos.<\/li>\n<li><strong>Puentes frente a las grietas<\/strong>: La brecha social generada por la exclusi\u00f3n se ha visto agrandada con esta crisis, en que la infancia y la juventud pagar\u00e1n una factura socioecon\u00f3mica y emocional muy alta. C\u00e1ritas quiere actuar como puente que proteja los procesos vitales que est\u00e1n por llegar y los que ya est\u00e1n aqu\u00ed de tantos ni\u00f1os que acompa\u00f1amos. La desatenci\u00f3n a la infancia, la adolescencia y la juventud tiene entre otras consecuencias la transmisi\u00f3n intergeneracional de la pobreza, analizada tan a fondo por la Fundaci\u00f3n FOESSA, con lo cual no podemos permitir que este proceso se acelere, sino frenarlo y revertirlo.<\/li>\n<li><strong>Proximidad ante la distanciaci\u00f3n<\/strong>: En \u00e9poca de distanciaci\u00f3n y de mascarillas, es urgente estar m\u00e1s cerca que nunca los unos de los otros, admirar lo mucho que cada chico o chica guarda en su interior, y alargarle la mano para facilitarle que sea capaz de expresarlo. M\u00e1s que nunca, C\u00e1ritas reafirma sus procesos de acompa\u00f1amiento a las familias y a los menores, para reforzar sus capacidades y la fe en s\u00ed mismos.<\/li>\n<li><strong>Escucha frente a la sordera:<\/strong> Ante los desaf\u00edos actuales, hay que tener la valent\u00eda de cuestionar y reinventarse para afrontar la transformaci\u00f3n social y el cambio de modelo, siempre desde la escucha, el respeto y la participaci\u00f3n de las personas que acompa\u00f1amos porque puedan ser protagonistas de sus propios proyectos de vida.<\/li>\n<li><strong>Vecindad ante individualismo:<\/strong> Reivindicamos, en estos tiempos de confinamiento y aislamiento, el sentido comunitario que haga sentirnos unos al lado de otro, como fuente no solo de relaci\u00f3n, sino de celebraci\u00f3n de la vida en com\u00fan, porque &#8220;todos necesitamos de todos &#8220;. Romper con el aislamiento social nos ayudar\u00e1 a combatir los miedos, a generar conexiones que se ramifiquen como las ramas de los \u00e1rboles, como clave del crecimiento comunitario, generando espacios de confianza, seguridad y respaldo mutuo en las familias y los ni\u00f1os.<\/li>\n<\/ol>\n","protected":false},"excerpt":{"rendered":"<p>Hoy, D\u00eda Internacional de los Derechos de la infancia, en C\u00e1ritas alertamos que la actual crisis causada por la pandemia est\u00e1 privando a los menores en situaci\u00f3n social m\u00e1s precaria de parte de su infancia y adolescencia, de sus propios tiempos, que son muy diferentes a los de los adultos. Esta distancia f\u00edsica que estamos [&hellip;]<\/p>\n","protected":false},"author":4,"featured_media":10585,"comment_status":"open","ping_status":"open","sticky":false,"template":"","format":"standard","meta":{"footnotes":""},"categories":[28],"tags":[],"autor":[2067],"class_list":["post-10595","post","type-post","status-publish","format-standard","has-post-thumbnail","hentry","category-familia-e-infancia","autor-programa-de-familias-e-infancia-de-caritas-barcelona"],"aioseo_notices":[],"_links":{"self":[{"href":"https:\/\/blog.caritas.barcelona\/es\/wp-json\/wp\/v2\/posts\/10595","targetHints":{"allow":["GET"]}}],"collection":[{"href":"https:\/\/blog.caritas.barcelona\/es\/wp-json\/wp\/v2\/posts"}],"about":[{"href":"https:\/\/blog.caritas.barcelona\/es\/wp-json\/wp\/v2\/types\/post"}],"author":[{"embeddable":true,"href":"https:\/\/blog.caritas.barcelona\/es\/wp-json\/wp\/v2\/users\/4"}],"replies":[{"embeddable":true,"href":"https:\/\/blog.caritas.barcelona\/es\/wp-json\/wp\/v2\/comments?post=10595"}],"version-history":[{"count":1,"href":"https:\/\/blog.caritas.barcelona\/es\/wp-json\/wp\/v2\/posts\/10595\/revisions"}],"predecessor-version":[{"id":10598,"href":"https:\/\/blog.caritas.barcelona\/es\/wp-json\/wp\/v2\/posts\/10595\/revisions\/10598"}],"wp:featuredmedia":[{"embeddable":true,"href":"https:\/\/blog.caritas.barcelona\/es\/wp-json\/wp\/v2\/media\/10585"}],"wp:attachment":[{"href":"https:\/\/blog.caritas.barcelona\/es\/wp-json\/wp\/v2\/media?parent=10595"}],"wp:term":[{"taxonomy":"category","embeddable":true,"href":"https:\/\/blog.caritas.barcelona\/es\/wp-json\/wp\/v2\/categories?post=10595"},{"taxonomy":"post_tag","embeddable":true,"href":"https:\/\/blog.caritas.barcelona\/es\/wp-json\/wp\/v2\/tags?post=10595"},{"taxonomy":"autor","embeddable":true,"href":"https:\/\/blog.caritas.barcelona\/es\/wp-json\/wp\/v2\/autor?post=10595"}],"curies":[{"name":"wp","href":"https:\/\/api.w.org\/{rel}","templated":true}]}}