{"id":10515,"date":"2021-11-14T13:12:48","date_gmt":"2021-11-14T12:12:48","guid":{"rendered":"https:\/\/blog.caritas.barcelona\/?p=10515"},"modified":"2021-11-15T09:42:10","modified_gmt":"2021-11-15T08:42:10","slug":"el-sinhogarismo-a-ojos-de-una-nina","status":"publish","type":"post","link":"https:\/\/blog.caritas.barcelona\/es\/opinion\/el-sinhogarismo-a-ojos-de-una-nina\/","title":{"rendered":"El sinhogarismo a ojos de una ni\u00f1a"},"content":{"rendered":"<p>Caminando por el barrio, mi hija y yo cruzarnos con una se\u00f1ora que vive en la calle. Mi hija me pregunt\u00f3: \u201cMam\u00e1, donde duerme esta se\u00f1ora?\u201d. Le contest\u00e9: \u201cEn esta porter\u00eda, en este cajero, en este banco&#8230;, <strong>son muchas las personas que no tienen un hogar donde dormir<\/strong>\u201d<strong>.<\/strong><\/p>\n<p style=\"text-align: center\"><img loading=\"lazy\" decoding=\"async\" class=\"size-full wp-image-10510 aligncenter\" src=\"https:\/\/blog.caritas.barcelona\/wp-content\/uploads\/sites\/2\/2020\/11\/20181211_INFORME_HABITATGE_@C\u00c0RITAS_DIOCESANA_DE_BARCELONA_MINGO_VENERO-14-scaled-e1604923757235.jpg\" alt=\"\" width=\"768\" height=\"512\" \/><\/p>\n<p><strong>Es dif\u00edcil explicar a una ni\u00f1a de 8 a\u00f1os los motivos que te llevan a vivir en la calle:<\/strong> una enfermedad, un hecho traum\u00e1tico, perder un familiar, perder el trabajo, no tener dinero para pagar los gastos del hogar, un desahucio, el colapso de los servicios sociales, un precio de alquiler inalcanzable, etc.<\/p>\n<p>Las personas sinhogar no son solo las que duermen en la calle, sino tambi\u00e9n las que se alojan en albergues, en recursos de reinserci\u00f3n penitenciaria, en pisos para j\u00f3venes ex tutelados, en proyectos para mujeres en situaci\u00f3n de violencia de g\u00e9nero, en pensiones, en habitaciones realquiladas, compartiendo piso con muchas personas o en pisos que no re\u00fanen las m\u00ednimas condiciones para vivir. <strong>Son tantas las personas que hoy sufren exclusi\u00f3n residencial que no me atrev\u00ed a explicarle la magnitud del problema.<\/strong><\/p>\n<p><strong>S\u00ed que le expliqu\u00e9 lo que se pierde cuando no tienes un hogar.<\/strong> No tener un hogar implica desprotecci\u00f3n, falta de autoestima y de autorrealizaci\u00f3n. Supone no tener acceso a derechos fundamentales: trabajo, educaci\u00f3n, vivienda, participaci\u00f3n, o simplemente tener un lugar donde reposar. En definitiva, la p\u00e9rdida de una vivienda supone una vulneraci\u00f3n de derechos humanos fundamentales.<\/p>\n<p><img loading=\"lazy\" decoding=\"async\" class=\"size-full wp-image-10512 aligncenter\" src=\"https:\/\/blog.caritas.barcelona\/wp-content\/uploads\/sites\/2\/2020\/11\/20181211_INFORME_HABITATGE_@C\u00c0RITAS_DIOCESANA_DE_BARCELONA_MINGO_VENERO-24-scaled-e1604923791605.jpg\" alt=\"\" width=\"768\" height=\"512\" \/><\/p>\n<p>Mi hija guard\u00f3 silencio, y acto seguido dijo: \u201c\u00bfY cu\u00e1ndo hemos estado en casa confinados, ellos donde estaban?\u201d. Ahora era yo la que guardaba silencio. \u00bfC\u00f3mo pod\u00eda explicarle que, cuando todo el mundo nos dec\u00eda \u201cQu\u00e9date en casa\u201d, \u201cYo me quedo en casa\u201d o \u201cTodo ir\u00e1 bien\u201d, cerca de 1.000 personas de Barcelona no ten\u00edan un hogar donde protegerse? \u00bfQu\u00e9 fue el Ayuntamiento de Barcelona, \u200b\u200bcon el apoyo de las entidades sociales, quien activ\u00f3 cerca de 700 plazas para estas personas? \u00bfQu\u00e9 muchos profesionales y entidades no se quedaban en casa teletrabajando, sino que estaban haciendo un servicio esencial por las calles y plazas de la ciudad?<\/p>\n<p>No s\u00e9 si me entendi\u00f3, pero ojal\u00e1 no se le olvide y pueda mirar a todas las personas que duermen en la calle desde el respeto y solidaridad. <strong>Ojal\u00e1 la sociedad sea capaz de ver con la mirada de esperanza de una ni\u00f1a, con la voluntad de reconstruir y tejer un modelo inclusivo para toda la poblaci\u00f3n.<\/strong> Y, ojal\u00e1, todas las ciudades tengan la voluntad de reconocer a sus ciudadanos, sean como sean y vivan donde vivan.<\/p>\n<p><strong>No dejemos que las personas sin hogar queden fuera, colabora: <a href=\"https:\/\/campanyes.caritas.barcelona\/es\/sin-salida\/\" target=\"_blank\" rel=\"noopener\">https:\/\/campanyes.caritas.barcelona\/es\/sin-salida\/<\/a><\/strong><\/p>\n","protected":false},"excerpt":{"rendered":"<p>Caminando por el barrio, mi hija y yo cruzarnos con una se\u00f1ora que vive en la calle. Mi hija me pregunt\u00f3: \u201cMam\u00e1, donde duerme esta se\u00f1ora?\u201d. Le contest\u00e9: \u201cEn esta porter\u00eda, en este cajero, en este banco&#8230;, son muchas las personas que no tienen un hogar donde dormir\u201d. Es dif\u00edcil explicar a una ni\u00f1a de [&hellip;]<\/p>\n","protected":false},"author":4,"featured_media":10511,"comment_status":"open","ping_status":"open","sticky":false,"template":"","format":"standard","meta":{"footnotes":""},"categories":[24,19],"tags":[],"autor":[1307],"class_list":["post-10515","post","type-post","status-publish","format-standard","has-post-thumbnail","hentry","category-sin-hogar-y-vivienda","category-opinion","autor-fina-contreras-es"],"aioseo_notices":[],"_links":{"self":[{"href":"https:\/\/blog.caritas.barcelona\/es\/wp-json\/wp\/v2\/posts\/10515","targetHints":{"allow":["GET"]}}],"collection":[{"href":"https:\/\/blog.caritas.barcelona\/es\/wp-json\/wp\/v2\/posts"}],"about":[{"href":"https:\/\/blog.caritas.barcelona\/es\/wp-json\/wp\/v2\/types\/post"}],"author":[{"embeddable":true,"href":"https:\/\/blog.caritas.barcelona\/es\/wp-json\/wp\/v2\/users\/4"}],"replies":[{"embeddable":true,"href":"https:\/\/blog.caritas.barcelona\/es\/wp-json\/wp\/v2\/comments?post=10515"}],"version-history":[{"count":4,"href":"https:\/\/blog.caritas.barcelona\/es\/wp-json\/wp\/v2\/posts\/10515\/revisions"}],"predecessor-version":[{"id":11368,"href":"https:\/\/blog.caritas.barcelona\/es\/wp-json\/wp\/v2\/posts\/10515\/revisions\/11368"}],"wp:featuredmedia":[{"embeddable":true,"href":"https:\/\/blog.caritas.barcelona\/es\/wp-json\/wp\/v2\/media\/10511"}],"wp:attachment":[{"href":"https:\/\/blog.caritas.barcelona\/es\/wp-json\/wp\/v2\/media?parent=10515"}],"wp:term":[{"taxonomy":"category","embeddable":true,"href":"https:\/\/blog.caritas.barcelona\/es\/wp-json\/wp\/v2\/categories?post=10515"},{"taxonomy":"post_tag","embeddable":true,"href":"https:\/\/blog.caritas.barcelona\/es\/wp-json\/wp\/v2\/tags?post=10515"},{"taxonomy":"autor","embeddable":true,"href":"https:\/\/blog.caritas.barcelona\/es\/wp-json\/wp\/v2\/autor?post=10515"}],"curies":[{"name":"wp","href":"https:\/\/api.w.org\/{rel}","templated":true}]}}