{"id":10304,"date":"2020-10-22T09:53:44","date_gmt":"2020-10-22T07:53:44","guid":{"rendered":"https:\/\/blog.caritas.barcelona\/?p=10304"},"modified":"2020-10-28T11:50:49","modified_gmt":"2020-10-28T10:50:49","slug":"el-117-de-los-hogares-catalanes-viven-con-inestabilidad-laboral-grave","status":"publish","type":"post","link":"https:\/\/blog.caritas.barcelona\/es\/formacion-e-insercion-laboral\/el-117-de-los-hogares-catalanes-viven-con-inestabilidad-laboral-grave\/","title":{"rendered":"El 11,7% de los hogares catalanes viven con inestabilidad laboral grave"},"content":{"rendered":"<p>Con motivo del siete de octubre, d\u00eda mundial por el Trabajo Decente, <strong>una treintena de personas se han concentrado esta tarde bajo el lema Trabajo y COVID, escojamos otro camino<\/strong>. Por cuarto a\u00f1o consecutivo, la plataforma Iglesia por el Trabajo Decente ha convocado este acto p\u00fablico, <strong>con la voluntad de denunciar que no todas las personas tienen las mismas oportunidades laborales, y que la COVID-19 ha agravado a\u00fan m\u00e1s la precaria situaci\u00f3n de muchos colectivos.<\/strong><\/p>\n<p>Por medio de un camino trazado en el suelo,<strong> cinco personas han ido encontrando obst\u00e1culos para llegar hasta la posici\u00f3n deseada. Estos obst\u00e1culos han sido desde la conciliaci\u00f3n laboral, la falta de experiencia, el desconocimiento de la lengua o la brecha digital, entre otros.<\/strong> La acci\u00f3n ha querido demostrar que la COVID-19 ha empeorado las expectativas laborales de los colectivos m\u00e1s desfavorecidos, poniendo especial \u00e9nfasis en las familias monoparentales, las personas j\u00f3venes, las migrantes o las mayores de cincuenta a\u00f1os.<\/p>\n<p><img loading=\"lazy\" decoding=\"async\" class=\"aligncenter wp-image-10301 size-large\" src=\"https:\/\/blog.caritas.barcelona\/wp-content\/uploads\/sites\/2\/2020\/10\/WhatsApp-Image-2020-10-07-at-19.13.45-1024x768.jpeg\" alt=\"\" width=\"1024\" height=\"768\" srcset=\"https:\/\/blog.caritas.barcelona\/wp-content\/uploads\/sites\/2\/2020\/10\/WhatsApp-Image-2020-10-07-at-19.13.45-1024x768.jpeg 1024w, https:\/\/blog.caritas.barcelona\/wp-content\/uploads\/sites\/2\/2020\/10\/WhatsApp-Image-2020-10-07-at-19.13.45-300x225.jpeg 300w, https:\/\/blog.caritas.barcelona\/wp-content\/uploads\/sites\/2\/2020\/10\/WhatsApp-Image-2020-10-07-at-19.13.45-768x576.jpeg 768w, https:\/\/blog.caritas.barcelona\/wp-content\/uploads\/sites\/2\/2020\/10\/WhatsApp-Image-2020-10-07-at-19.13.45-600x450.jpeg 600w, https:\/\/blog.caritas.barcelona\/wp-content\/uploads\/sites\/2\/2020\/10\/WhatsApp-Image-2020-10-07-at-19.13.45-1536x1152.jpeg 1536w, https:\/\/blog.caritas.barcelona\/wp-content\/uploads\/sites\/2\/2020\/10\/WhatsApp-Image-2020-10-07-at-19.13.45.jpeg 1600w\" sizes=\"auto, (max-width: 1024px) 100vw, 1024px\" \/><\/p>\n<p><strong>\u201cLlueve sobre mojado\u201d <\/strong><\/p>\n<p>La Plataforma Iglesia por el Trabajo Decente ha destacado que la COVID-19 es un factor que ha empeorado las perspectivas laborales de muchas familias, pero que la precariedad laboral ya estaba presente antes de la pandemia. <strong>\u201cLlueve sobre mojado. El \u00faltimo informe FOESSA ya nos advert\u00eda que en Catalunya hab\u00eda 1,5 millones de personas en situaci\u00f3n de exclusi\u00f3n social. Se sali\u00f3 de la \u00faltima crisis econ\u00f3mica por la puerta trasera, y la COVID-19 solo ha agravado un mercado laboral que ya era precario\u201d<\/strong>, ha indicado Dessir\u00e9e Garcia, responsable de formaci\u00f3n e inserci\u00f3n laboral de C\u00e1ritas Diocesana de Barcelona. .<\/p>\n<p>Seg\u00fan la Encuesta de Poblaci\u00f3n Activa (EPA) del segundo trimestre de 2020, el n\u00famero de parados en Catalunya se situ\u00f3 en 472.900, 41.600 m\u00e1s que el mismo trimestre del a\u00f1o anterior (9,6%). <strong>\u201cEl impacto de esta crisis es y ser\u00e1 m\u00e1s intensa en los trabajadores precarios. La destrucci\u00f3n de empleo se ha concentrado en los asalariados con contrato temporal, que han ca\u00eddo un 19% interanual, y actualmente hay 112.700 hogares en Catalunya sin ingresos, un 3,7% m\u00e1s que el mismo trimestre del a\u00f1o anterior\u201d<\/strong>, han indicado desde la Plataforma.<\/p>\n<p><img loading=\"lazy\" decoding=\"async\" class=\"aligncenter wp-image-10299 size-large\" src=\"https:\/\/blog.caritas.barcelona\/wp-content\/uploads\/sites\/2\/2020\/10\/WhatsApp-Image-2020-10-07-at-19.13.46-1024x768.jpeg\" alt=\"\" width=\"1024\" height=\"768\" srcset=\"https:\/\/blog.caritas.barcelona\/wp-content\/uploads\/sites\/2\/2020\/10\/WhatsApp-Image-2020-10-07-at-19.13.46-1024x768.jpeg 1024w, https:\/\/blog.caritas.barcelona\/wp-content\/uploads\/sites\/2\/2020\/10\/WhatsApp-Image-2020-10-07-at-19.13.46-300x225.jpeg 300w, https:\/\/blog.caritas.barcelona\/wp-content\/uploads\/sites\/2\/2020\/10\/WhatsApp-Image-2020-10-07-at-19.13.46-768x576.jpeg 768w, https:\/\/blog.caritas.barcelona\/wp-content\/uploads\/sites\/2\/2020\/10\/WhatsApp-Image-2020-10-07-at-19.13.46-600x450.jpeg 600w, https:\/\/blog.caritas.barcelona\/wp-content\/uploads\/sites\/2\/2020\/10\/WhatsApp-Image-2020-10-07-at-19.13.46.jpeg 1416w\" sizes=\"auto, (max-width: 1024px) 100vw, 1024px\" \/><\/p>\n<p><strong>Cuando el trabajo no garantiza una vida digna <\/strong><\/p>\n<p>L\u2019acte d\u2019aquesta tarda, s\u2019han recordat les dades que avui ha presentat FOESSA, amb l\u2019informe Vulneraci\u00f3 de drets: treball decent (2020). L\u2019informe indica <strong>que 906.500 persones viuen en llars on el sustentador principal es troba en Inestabilitat Laboral Greu<\/strong> (haver estat aturat durant 3 mesos o m\u00e9s, haver comptat amb 6 o m\u00e9s contractes, haver estat contractat per 3 o m\u00e9s empreses, o treballar sense contracte ni prestacions a la Seguretat Social). S\u00f3n l\u201911,7% de les llars catalanes, i <strong>hi ha greus dificultats econ\u00f2miques en tots els \u00e0mbits. La meitat de les fam\u00edlies en aquesta situaci\u00f3 afirma que no disposen de diners per afrontar despeses imprevistes, i gaireb\u00e9 un 24% afirmen haver patit amenaces de talls de subministraments en l&#8217;habitatge. <\/strong><\/p>\n<p><strong>Cuando el trabajo no garantiza una vida digna <\/strong><\/p>\n<p>Durante el acto de esta tarde, se han recordado los datos que ha presentado FOESSA, con el informe Vulneraci\u00f3n de derechos: trabajo decente (2020). El informe indica <strong>que 906.500 personas viven en hogares donde el sustentador principal se encuentra en Inestabilidad Laboral Grave <\/strong>(haber estado parado durante 3 meses o m\u00e1s, haber tenido 6 o m\u00e1s contratos, haber sido contratado por 3 o m\u00e1s empresas, o trabajar sin contrato ni prestaciones a la Seguridad Social). Son el 11,7% de los hogares catalanes, y <strong>hay graves dificultades econ\u00f3micas en todos los \u00e1mbitos. La mitad de las familias en esta situaci\u00f3n afirma que no disponen de dinero para afrontar gastos imprevistos, y casi un 24% afirman haber sufrido amenazas de cortes de suministros en la vivienda. <\/strong><\/p>\n<p><strong>Una soluci\u00f3n consensuada <\/strong><\/p>\n<p>Ayer mismo, la plataforma Iglesia por el Trabajo Decente organiz\u00f3 una mesa redonda con la participaci\u00f3n de patronal, sindicatos y administraci\u00f3n p\u00fablica. El acto celebrado en la sede de Cristianisme i Just\u00edcia cont\u00f3 con la participaci\u00f3n del Conseller de Treball, Afers Socials i Fam\u00edlies Chakir El Homrani, Toni Mora, en representaci\u00f3n de CCOO, UGT y USOC y \u00c1ngeles Tejada, de Fomento del Trabajo. El acto tuvo como introducci\u00f3n el diagn\u00f3stico de la situaci\u00f3n actual para las personas en situaci\u00f3n de vulnerabilidad, presentado por Miriam Feu, responsable de an\u00e1lisis social e incidencia de C\u00e1ritas Diocesana de Barcelona. &#8220;<strong>La tasa de desempleo subir\u00eda del 12,8% hasta el 22% si tuvi\u00e9ramos en cuenta tambi\u00e9n las personas que ya no buscan trabajo porque piensan que no la encontrar\u00e1n, las personas afectadas por un ERE y las personas con parcialidad involuntaria&#8221;<\/strong>, indic\u00f3 Feu. El catedr\u00e1tico Ant\u00f3n Costas, que moder\u00f3 el acto, confirm\u00f3 que la tasa de paro sistem\u00e1ticamente elevada y la precariedad implican una infrautilizaci\u00f3n del trabajo que no nos podemos permitir como sociedad, porque es un gran desperdicio. <strong>El acto sirvi\u00f3 para que todos los actores implicados en la gesti\u00f3n del mercado laboral hicieran un diagn\u00f3stico compartido de la situaci\u00f3n. Toni Mora pidi\u00f3 que el Gobierno del Estado derogue cuanto antes la reforma laboral, y que es necesario un modelo fiscal progresista que ponga a las personas en el centro. &#8220;La RGC y el IMV deben confluir, las personas no pueden esperar meses a saber si su resoluci\u00f3n para percibir las ayudas ha sido aprobada o no&#8221;<\/strong>, apunt\u00f3 el representante sindical. Por su parte, \u00c1ngeles Tejada presidenta de la comisi\u00f3n de Relaciones Laborales de Fomento del Trabajo indic\u00f3 que el teletrabajo no ha sido id\u00f3neo en las condiciones que se ha tenido que implementar, pero que ha puesto de manifiesto las carencias de nuestro mercado de trabajo.<\/p>\n<p>Finalmente, el Conseller de Treball, Afers Socials i Fam\u00edlies Chakir El Homrani agradeci\u00f3 a la Plataforma Iglesia por el Trabajo Decente la organizaci\u00f3n del acto, y advirti\u00f3 que u<strong>n mercado de trabajo que expulsa a los j\u00f3venes, a los mayores de cincuenta a\u00f1os, los migrantes ya las mujeres no cumple con el contrato social. &#8220;El trabajo es sin\u00f3nimo de vida digna, y la situaci\u00f3n actual no nos sit\u00faa en este supuesto&#8221;, dijo. El consejero puso de relieve que el impacto de la COVID-19 no es neutro, ya que ninguna crisis anterior hab\u00eda afectado con tanta dureza a la econom\u00eda sumergida, que es el coj\u00edn de las personas m\u00e1s vulnerables. El Conseller hizo una defensa expl\u00edcita de las personas migrantes, indicando que habr\u00eda que flexibilizar el reglamento de extranjer\u00eda para facilitar los permisos de trabajo.<\/strong> &#8220;Tres meses de contrato y un a\u00f1o de residencia deber\u00edan ser suficientes para conseguir los papeles y vivir y trabajar en nuestro pa\u00eds. Ser\u00eda la mejor manera de eliminar la invisibilizaci\u00f3n de las personas migrantes&#8221;, indic\u00f3.<\/p>\n","protected":false},"excerpt":{"rendered":"<p>Con motivo del siete de octubre, d\u00eda mundial por el Trabajo Decente, una treintena de personas se han concentrado esta tarde bajo el lema Trabajo y COVID, escojamos otro camino. Por cuarto a\u00f1o consecutivo, la plataforma Iglesia por el Trabajo Decente ha convocado este acto p\u00fablico, con la voluntad de denunciar que no todas las [&hellip;]<\/p>\n","protected":false},"author":4,"featured_media":10300,"comment_status":"open","ping_status":"open","sticky":false,"template":"","format":"standard","meta":{"footnotes":""},"categories":[27],"tags":[],"autor":[1212],"class_list":["post-10304","post","type-post","status-publish","format-standard","has-post-thumbnail","hentry","category-formacion-e-insercion-laboral","autor-jordi-julia-es"],"aioseo_notices":[],"_links":{"self":[{"href":"https:\/\/blog.caritas.barcelona\/es\/wp-json\/wp\/v2\/posts\/10304","targetHints":{"allow":["GET"]}}],"collection":[{"href":"https:\/\/blog.caritas.barcelona\/es\/wp-json\/wp\/v2\/posts"}],"about":[{"href":"https:\/\/blog.caritas.barcelona\/es\/wp-json\/wp\/v2\/types\/post"}],"author":[{"embeddable":true,"href":"https:\/\/blog.caritas.barcelona\/es\/wp-json\/wp\/v2\/users\/4"}],"replies":[{"embeddable":true,"href":"https:\/\/blog.caritas.barcelona\/es\/wp-json\/wp\/v2\/comments?post=10304"}],"version-history":[{"count":1,"href":"https:\/\/blog.caritas.barcelona\/es\/wp-json\/wp\/v2\/posts\/10304\/revisions"}],"predecessor-version":[{"id":10305,"href":"https:\/\/blog.caritas.barcelona\/es\/wp-json\/wp\/v2\/posts\/10304\/revisions\/10305"}],"wp:featuredmedia":[{"embeddable":true,"href":"https:\/\/blog.caritas.barcelona\/es\/wp-json\/wp\/v2\/media\/10300"}],"wp:attachment":[{"href":"https:\/\/blog.caritas.barcelona\/es\/wp-json\/wp\/v2\/media?parent=10304"}],"wp:term":[{"taxonomy":"category","embeddable":true,"href":"https:\/\/blog.caritas.barcelona\/es\/wp-json\/wp\/v2\/categories?post=10304"},{"taxonomy":"post_tag","embeddable":true,"href":"https:\/\/blog.caritas.barcelona\/es\/wp-json\/wp\/v2\/tags?post=10304"},{"taxonomy":"autor","embeddable":true,"href":"https:\/\/blog.caritas.barcelona\/es\/wp-json\/wp\/v2\/autor?post=10304"}],"curies":[{"name":"wp","href":"https:\/\/api.w.org\/{rel}","templated":true}]}}