{"id":10222,"date":"2020-10-21T16:16:59","date_gmt":"2020-10-21T14:16:59","guid":{"rendered":"https:\/\/blog.caritas.barcelona\/?p=10222"},"modified":"2020-10-26T08:48:07","modified_gmt":"2020-10-26T07:48:07","slug":"la-soledad-y-el-aislamiento-los-grandes-enemigos-de-las-personas-mayores","status":"publish","type":"post","link":"https:\/\/blog.caritas.barcelona\/es\/personas-mayores\/la-soledad-y-el-aislamiento-los-grandes-enemigos-de-las-personas-mayores\/","title":{"rendered":"La soledad y el aislamiento, los grandes enemigos de las personas mayores"},"content":{"rendered":"<p>La Covid lleg\u00f3 de golpe. Sin ning\u00fan aviso, y de un d\u00eda para otro todas las actividades que funcionaban al 100% se pararon..<\/p>\n<p>En C\u00e1ritas, desde el minuto cero nos organizamos para adaptarnos a la nueva situaci\u00f3n a nivel general, sin saber cu\u00e1nto durar\u00eda, ni como afectar\u00eda a las familias o a las personas sin hogar. <strong>Todos los servicios de C\u00e1ritas se movilizaron para hacer frente a la nueva situaci\u00f3n, de efectos sociales incalculables<\/strong>. Desde el Programa de Gente mayor, el reto fue importante, preocupados sobre todo por las personas mayores que viven solas y sufren alguna dependencia.<\/p>\n<p>La mayor\u00eda de las personas mayores que atendemos en C\u00e1ritas no ten\u00edan un problema de car\u00e1cter econ\u00f3mico, porque las pensiones se continuaban cobrando y pod\u00edan comprar alimentos y pagar la vivienda, pero la preocupaci\u00f3n m\u00e1s importante era saber como podr\u00edamos estar a su lado, como podr\u00edamos hacer frente a su soledad, <strong>como podr\u00edamos atenderlos en las situaciones de dependencia para que recibieran las atenciones m\u00ednimas imprescindibles.<\/strong><\/p>\n<figure id=\"attachment_10209\" aria-describedby=\"caption-attachment-10209\" style=\"width: 1024px\" class=\"wp-caption aligncenter\"><img loading=\"lazy\" decoding=\"async\" class=\"wp-image-10209 size-large\" src=\"https:\/\/blog.caritas.barcelona\/wp-content\/uploads\/sites\/2\/2020\/09\/20190315_Tramat_de_vida_Hospitalet_@Dani_Codina-3-1024x768.jpg\" alt=\"\" width=\"1024\" height=\"768\" srcset=\"https:\/\/blog.caritas.barcelona\/wp-content\/uploads\/sites\/2\/2020\/09\/20190315_Tramat_de_vida_Hospitalet_@Dani_Codina-3-1024x768.jpg 1024w, https:\/\/blog.caritas.barcelona\/wp-content\/uploads\/sites\/2\/2020\/09\/20190315_Tramat_de_vida_Hospitalet_@Dani_Codina-3-300x225.jpg 300w, https:\/\/blog.caritas.barcelona\/wp-content\/uploads\/sites\/2\/2020\/09\/20190315_Tramat_de_vida_Hospitalet_@Dani_Codina-3-768x576.jpg 768w, https:\/\/blog.caritas.barcelona\/wp-content\/uploads\/sites\/2\/2020\/09\/20190315_Tramat_de_vida_Hospitalet_@Dani_Codina-3-600x450.jpg 600w, https:\/\/blog.caritas.barcelona\/wp-content\/uploads\/sites\/2\/2020\/09\/20190315_Tramat_de_vida_Hospitalet_@Dani_Codina-3-1536x1152.jpg 1536w, https:\/\/blog.caritas.barcelona\/wp-content\/uploads\/sites\/2\/2020\/09\/20190315_Tramat_de_vida_Hospitalet_@Dani_Codina-3-2048x1536.jpg 2048w, https:\/\/blog.caritas.barcelona\/wp-content\/uploads\/sites\/2\/2020\/09\/20190315_Tramat_de_vida_Hospitalet_@Dani_Codina-3-scaled.jpg 1440w\" sizes=\"auto, (max-width: 1024px) 100vw, 1024px\" \/><figcaption id=\"caption-attachment-10209\" class=\"wp-caption-text\">Ca\u0300ritas, Tramat de vida, Hospitalet<\/figcaption><\/figure>\n<p>C\u00f3mo todo el mundo, las personas mayores quedaron desconcertadas, y por la TV y radio escuchaban las noticias que <strong>remarcaban la crueldad del virus con las personas mayores<\/strong>, y la importancia de no salir de casa. Los primeros d\u00edas, quedarse a casa fue f\u00e1cil: muchos de ellos, habitualmente, ya salen poco; pero enseguida surgi\u00f3 la inquietud de saber cu\u00e1ntos d\u00edas durar\u00eda y, sobre todo, c\u00f3mo lo har\u00edan para salir a comprar, para bajar la basura, para ir a las visitas m\u00e9dicas que ten\u00edan programadas desde hac\u00eda tanto tiempo&#8230; y todav\u00eda m\u00e1s grave:<strong> c\u00f3mo podr\u00edan continuar el d\u00eda a d\u00eda sin el apoyo de la Trabajadora Familiar que los ayuda a ducharse para evitar ca\u00eddas, que los ayuda a hacer la comida, comprar o lavarse la ropa.<\/strong><\/p>\n<p>Despu\u00e9s de conocer la situaci\u00f3n de cada uno, hizo falta actuar r\u00e1pidamente. <strong>Las Trabajadoras Familiares, a\u00fan y las dificultades de aquellos d\u00edas, continuaron haciendo los servicios esenciales a las personas que estaban solas y no ten\u00edan ning\u00fan familiar o vecino que les pudiera ayudar.<\/strong> Su tarea fue important\u00edsima para estas personas mayores, para ir a comprar, hacer la comida, ayudarlos con la higiene personal, o con el control de la medicaci\u00f3n.<\/p>\n<p><img loading=\"lazy\" decoding=\"async\" class=\"aligncenter wp-image-10206 size-large\" src=\"https:\/\/blog.caritas.barcelona\/wp-content\/uploads\/sites\/2\/2017\/06\/07_DISTRIBUCI\u00d3N-DE-ALIMENTOS_Mingo-Venero_300ppp-1-1-1024x683.jpg\" alt=\"\" width=\"1024\" height=\"683\" srcset=\"https:\/\/blog.caritas.barcelona\/wp-content\/uploads\/sites\/2\/2017\/06\/07_DISTRIBUCI\u00d3N-DE-ALIMENTOS_Mingo-Venero_300ppp-1-1-1024x683.jpg 1024w, https:\/\/blog.caritas.barcelona\/wp-content\/uploads\/sites\/2\/2017\/06\/07_DISTRIBUCI\u00d3N-DE-ALIMENTOS_Mingo-Venero_300ppp-1-1-300x200.jpg 300w, https:\/\/blog.caritas.barcelona\/wp-content\/uploads\/sites\/2\/2017\/06\/07_DISTRIBUCI\u00d3N-DE-ALIMENTOS_Mingo-Venero_300ppp-1-1-768x512.jpg 768w, https:\/\/blog.caritas.barcelona\/wp-content\/uploads\/sites\/2\/2017\/06\/07_DISTRIBUCI\u00d3N-DE-ALIMENTOS_Mingo-Venero_300ppp-1-1-600x400.jpg 600w, https:\/\/blog.caritas.barcelona\/wp-content\/uploads\/sites\/2\/2017\/06\/07_DISTRIBUCI\u00d3N-DE-ALIMENTOS_Mingo-Venero_300ppp-1-1-1536x1024.jpg 1536w, https:\/\/blog.caritas.barcelona\/wp-content\/uploads\/sites\/2\/2017\/06\/07_DISTRIBUCI\u00d3N-DE-ALIMENTOS_Mingo-Venero_300ppp-1-1-2048x1365.jpg 2048w, https:\/\/blog.caritas.barcelona\/wp-content\/uploads\/sites\/2\/2017\/06\/07_DISTRIBUCI\u00d3N-DE-ALIMENTOS_Mingo-Venero_300ppp-1-1-scaled.jpg 1620w\" sizes=\"auto, (max-width: 1024px) 100vw, 1024px\" \/><\/p>\n<p>No hab\u00eda m\u00e1s remedio que reiniciar los servicios con todos los equipos de protecci\u00f3n adecuados, ya que para todas estas personas mayores dependientes, <strong>los servicios de las Trabajadoras Familiares era el \u00fanico contacto con el mundo, el cord\u00f3n umbilical que los permit\u00eda seguir (subsistiendo) con su cotidianidad.<\/strong> La atenci\u00f3n hecha se puede considerar un \u00e9xito, porque, a d\u00eda de hoy, ninguno de estos residentes en viviendas compartidas ha cogido la Covid, por lo que podemos considerar que ha sido un buen modelo de funcionamiento si tenemos en cuenta la crueldad con que la covid ha afectado a las personas mayores,<\/p>\n<p><strong>Desde aqu\u00ed dar las gracias y el m\u00e1ximo reconocimiento a estos profesionales que hicieron un servicio presencial, y por su dedicaci\u00f3n durante todos estos meses.<\/strong> Las circunstancias no fueran f\u00e1ciles, pero as\u00ed cumplieron con su trabajo no solo con una gran profesionalidad, sino con una gran humanidad.<\/p>\n<p>Todo el trabajo desarrollado ha dado muchos frutos, y algunos de nuevos. Durante este tiempo, <strong>naci\u00f3 un Proyecto de Acompa\u00f1amiento Telef\u00f3nico a personas que viv\u00edan en casa, y necesitaban este apoyo.<\/strong> Tambi\u00e9n ha sido muy interesante poder hacer<strong><a href=\"https:\/\/blog.caritas.barcelona\/wp-content\/uploads\/sites\/2\/2020\/09\/REVISTA_COMPARTIM_070920.pdf\" target=\"_blank\" rel=\"noopener noreferrer\"> la revista &#8216;Compartim&#8217;<\/a>, con un monogr\u00e1fico sobre las vivencias de la Covid de las personas mayores,<\/strong> voluntarios y profesionales. Y los d\u00edas de m\u00e1s confinamiento, el &#8220;voluntariado al rellano&#8221;, llevando la compra y ofreciendo conversaci\u00f3n, para las personas que no pod\u00edan salir de casa.<\/p>\n<p>La Covid nos ha puesto a prueba como sociedad. Quiz\u00e1s <strong>un aspecto positivo es que ha hecho resurgir la &#8220;buena vecindad&#8221;:<\/strong> muchas personas mayores han podido restablecer contactos con vecinos que les han hecho compras, bajado la basura, o ido a la farmacia. La pandemia ha puesto a prueba muchos de los aspectos sociales, y m\u00e1s all\u00e1 de las cuestiones sanitarias, <strong>hay todos unos efectos en las personas mayores que atenderemos dando respuesta a las nuevas necesidades que est\u00e1n surgiendo.<\/strong><\/p>\n","protected":false},"excerpt":{"rendered":"<p>La Covid lleg\u00f3 de golpe. Sin ning\u00fan aviso, y de un d\u00eda para otro todas las actividades que funcionaban al 100% se pararon.. En C\u00e1ritas, desde el minuto cero nos organizamos para adaptarnos a la nueva situaci\u00f3n a nivel general, sin saber cu\u00e1nto durar\u00eda, ni como afectar\u00eda a las familias o a las personas sin [&hellip;]<\/p>\n","protected":false},"author":4,"featured_media":10207,"comment_status":"open","ping_status":"open","sticky":false,"template":"","format":"standard","meta":{"footnotes":""},"categories":[26],"tags":[],"autor":[1657],"class_list":["post-10222","post","type-post","status-publish","format-standard","has-post-thumbnail","hentry","category-personas-mayores","autor-carme-gargallo-es"],"aioseo_notices":[],"_links":{"self":[{"href":"https:\/\/blog.caritas.barcelona\/es\/wp-json\/wp\/v2\/posts\/10222","targetHints":{"allow":["GET"]}}],"collection":[{"href":"https:\/\/blog.caritas.barcelona\/es\/wp-json\/wp\/v2\/posts"}],"about":[{"href":"https:\/\/blog.caritas.barcelona\/es\/wp-json\/wp\/v2\/types\/post"}],"author":[{"embeddable":true,"href":"https:\/\/blog.caritas.barcelona\/es\/wp-json\/wp\/v2\/users\/4"}],"replies":[{"embeddable":true,"href":"https:\/\/blog.caritas.barcelona\/es\/wp-json\/wp\/v2\/comments?post=10222"}],"version-history":[{"count":3,"href":"https:\/\/blog.caritas.barcelona\/es\/wp-json\/wp\/v2\/posts\/10222\/revisions"}],"predecessor-version":[{"id":10265,"href":"https:\/\/blog.caritas.barcelona\/es\/wp-json\/wp\/v2\/posts\/10222\/revisions\/10265"}],"wp:featuredmedia":[{"embeddable":true,"href":"https:\/\/blog.caritas.barcelona\/es\/wp-json\/wp\/v2\/media\/10207"}],"wp:attachment":[{"href":"https:\/\/blog.caritas.barcelona\/es\/wp-json\/wp\/v2\/media?parent=10222"}],"wp:term":[{"taxonomy":"category","embeddable":true,"href":"https:\/\/blog.caritas.barcelona\/es\/wp-json\/wp\/v2\/categories?post=10222"},{"taxonomy":"post_tag","embeddable":true,"href":"https:\/\/blog.caritas.barcelona\/es\/wp-json\/wp\/v2\/tags?post=10222"},{"taxonomy":"autor","embeddable":true,"href":"https:\/\/blog.caritas.barcelona\/es\/wp-json\/wp\/v2\/autor?post=10222"}],"curies":[{"name":"wp","href":"https:\/\/api.w.org\/{rel}","templated":true}]}}