{"id":10201,"date":"2023-03-13T09:13:43","date_gmt":"2023-03-13T08:13:43","guid":{"rendered":"https:\/\/blog.caritas.barcelona\/?p=10201"},"modified":"2024-03-26T17:25:16","modified_gmt":"2024-03-26T16:25:16","slug":"entidades-con-corazon-un-apoyo-vital","status":"publish","type":"post","link":"https:\/\/blog.caritas.barcelona\/es\/entidades-con-corazon\/entidades-con-corazon-un-apoyo-vital\/","title":{"rendered":"Entidades con coraz\u00f3n, un apoyo vital"},"content":{"rendered":"<p><a href=\"https:\/\/caritas.barcelona\/es\/entidades-con-corazon\/\" target=\"_blank\" rel=\"noopener noreferrer\">Entidades con coraz\u00f3n<\/a> es un programa de C\u00e1ritas Diocesana de Barcelona que tiene como objetivo sensibilizar empresas, fundaciones y entidades educativas, deportivas y culturales, e integrarlas en los proyectos sociales de nuestra organizaci\u00f3n.<\/p>\n<p><img loading=\"lazy\" decoding=\"async\" class=\"alignleft size-full wp-image-10134\" src=\"https:\/\/blog.caritas.barcelona\/wp-content\/uploads\/sites\/2\/2020\/09\/EscuelasCabecera-1.jpg\" alt=\"\" width=\"1600\" height=\"600\" srcset=\"https:\/\/blog.caritas.barcelona\/wp-content\/uploads\/sites\/2\/2020\/09\/EscuelasCabecera-1.jpg 1600w, https:\/\/blog.caritas.barcelona\/wp-content\/uploads\/sites\/2\/2020\/09\/EscuelasCabecera-1-300x113.jpg 300w, https:\/\/blog.caritas.barcelona\/wp-content\/uploads\/sites\/2\/2020\/09\/EscuelasCabecera-1-1024x384.jpg 1024w, https:\/\/blog.caritas.barcelona\/wp-content\/uploads\/sites\/2\/2020\/09\/EscuelasCabecera-1-768x288.jpg 768w, https:\/\/blog.caritas.barcelona\/wp-content\/uploads\/sites\/2\/2020\/09\/EscuelasCabecera-1-600x225.jpg 600w, https:\/\/blog.caritas.barcelona\/wp-content\/uploads\/sites\/2\/2020\/09\/EscuelasCabecera-1-1536x576.jpg 1536w\" sizes=\"auto, (max-width: 1600px) 100vw, 1600px\" \/><\/p>\n<p>A lo largo del 2022 colaboraron con el programa <strong>m\u00e1s de 600 entidades con coraz\u00f3n<\/strong>, las cuales ayudaron enormemente a <strong>desarrollar nuestra acci\u00f3n social.<\/strong><\/p>\n<p>Estas entidades\u00a0participaron\u00a0de\u00a0diferentes formas con nosotros, seg\u00fan su experiencia y sus caracter\u00edsticas:<\/p>\n<ul>\n<li>Facilitando la incorporaci\u00f3n al mercado laboral de una persona que lo necesite.<\/li>\n<li>Realizando una donaci\u00f3n en especie de un producto.<\/li>\n<li>Realizando una prestaci\u00f3n gratuita de un servicio.<\/li>\n<li>Haciendo efectiva una donaci\u00f3n econ\u00f3mica.<\/li>\n<li>Aportando nuevos socios a la entidad.<\/li>\n<li>Realizando una acci\u00f3n de voluntariado corporativo.<\/li>\n<li>Ofreciendo formaci\u00f3n a las personas atendidas por nosotros.<\/li>\n<li>Haciendo difusi\u00f3n de nuestra acci\u00f3n social, promocionando acciones de sensibilizaci\u00f3n,\u00a0organizando acontecimientos solidarios, cedi\u00e9ndonos espacios\u00a0para diferentes actividades, etc.<\/li>\n<\/ul>\n<p><img loading=\"lazy\" decoding=\"async\" class=\"aligncenter wp-image-10148 size-large\" src=\"https:\/\/blog.caritas.barcelona\/wp-content\/uploads\/sites\/2\/2020\/09\/Verde-Lima-Hogar-Decoraci\u00f3n-Interior-Dise\u00f1o-Foto-Collage-1024x530.png\" alt=\"\" width=\"1024\" height=\"530\" srcset=\"https:\/\/blog.caritas.barcelona\/wp-content\/uploads\/sites\/2\/2020\/09\/Verde-Lima-Hogar-Decoraci\u00f3n-Interior-Dise\u00f1o-Foto-Collage-1024x530.png 1024w, https:\/\/blog.caritas.barcelona\/wp-content\/uploads\/sites\/2\/2020\/09\/Verde-Lima-Hogar-Decoraci\u00f3n-Interior-Dise\u00f1o-Foto-Collage-300x155.png 300w, https:\/\/blog.caritas.barcelona\/wp-content\/uploads\/sites\/2\/2020\/09\/Verde-Lima-Hogar-Decoraci\u00f3n-Interior-Dise\u00f1o-Foto-Collage-768x398.png 768w, https:\/\/blog.caritas.barcelona\/wp-content\/uploads\/sites\/2\/2020\/09\/Verde-Lima-Hogar-Decoraci\u00f3n-Interior-Dise\u00f1o-Foto-Collage-600x311.png 600w, https:\/\/blog.caritas.barcelona\/wp-content\/uploads\/sites\/2\/2020\/09\/Verde-Lima-Hogar-Decoraci\u00f3n-Interior-Dise\u00f1o-Foto-Collage-1536x796.png 1536w, https:\/\/blog.caritas.barcelona\/wp-content\/uploads\/sites\/2\/2020\/09\/Verde-Lima-Hogar-Decoraci\u00f3n-Interior-Dise\u00f1o-Foto-Collage.png 2000w\" sizes=\"auto, (max-width: 1024px) 100vw, 1024px\" \/><\/p>\n<p>Gracias a\u00a0todas ellas\u00a0hemos podido\u00a0<strong>llegar todav\u00eda m\u00e1s lejos en nuestra acci\u00f3n social para ayudar a quienes m\u00e1s lo necesitan<\/strong>, d\u00e1ndonos cuenta que<strong> todos somos corresponsables<\/strong> en una sociedad, y que por lo tanto todos tenemos que <strong>aportar nuestro grano de arena por el bien com\u00fan<\/strong>. Adem\u00e1s, las entidades han podido<strong> poner en pr\u00e1ctica su Responsabilidad Social Corporativa (RSC) contribuyendo a la ejecuci\u00f3n de los Objetivos de Desarrollo Sostenible (ODS) y la Agenda 2030.<\/strong><\/p>\n<p><strong><a href=\"https:\/\/caritas.barcelona\/wp-content\/uploads\/2024\/03\/llista-Entitats-amb-Cor-2023_CAST.pdf\">Lista de todas las entitades con coraz\u00f3n que han colaborado con nosotros durante el 2023<\/a>:<\/strong> empresas, fundaciones, clubes deportivos, escuelas, universidades, centros culturales y congregaciones<\/p>\n<p><strong><a href=\"https:\/\/blog.caritas.barcelona\/wp-content\/uploads\/sites\/2\/2023\/06\/llista-Entitats-amb-Cor_CAST.pdf\" target=\"_blank\" rel=\"noopener\">Lista de todas las entitades con coraz\u00f3n que han colaborado con nosotros durante el 2022<\/a>:<\/strong> empresas, fundaciones, clubes deportivos, escuelas, universidades, centros culturales y congregaciones<\/p>\n<p><a href=\"https:\/\/blog.caritas.barcelona\/wp-content\/uploads\/sites\/2\/2022\/07\/llista-Entitats-amb-Cor-110722_GV_CAST.pdf\" target=\"_blank\" rel=\"noopener\"><strong>Lista de todas las entidades con coraz\u00f3n que han colaborado con nosotros durante el 2021<\/strong><\/a>: empresas, fundaciones, clubes deportivos, escuelas, universidades, centros culturales y congregaciones<\/p>\n<p><a href=\"https:\/\/blog.caritas.barcelona\/wp-content\/uploads\/sites\/2\/2021\/09\/llista-Entitats-amb-Cor-211021_GV_CAST.pdf\" target=\"_blank\" rel=\"noopener noreferrer\"><strong>Lista de todas las entidades con coraz\u00f3n que han colaborado con nosotros durante el 2020<\/strong><\/a><strong>:<\/strong> empresas, fundaciones, clubes deportivos, escuelas, universidades, centros culturales y congregaciones<\/p>\n<p><strong>A todas ellas, \u00a1millones de gracias!<\/strong><\/p>\n","protected":false},"excerpt":{"rendered":"<p>Entidades con coraz\u00f3n es un programa de C\u00e1ritas Diocesana de Barcelona que tiene como objetivo sensibilizar empresas, fundaciones y entidades educativas, deportivas y culturales, e integrarlas en los proyectos sociales de nuestra organizaci\u00f3n. A lo largo del 2022 colaboraron con el programa m\u00e1s de 600 entidades con coraz\u00f3n, las cuales ayudaron enormemente a desarrollar nuestra [&hellip;]<\/p>\n","protected":false},"author":4,"featured_media":10135,"comment_status":"closed","ping_status":"closed","sticky":false,"template":"","format":"standard","meta":{"footnotes":""},"categories":[22],"tags":[],"autor":[1186],"class_list":["post-10201","post","type-post","status-publish","format-standard","has-post-thumbnail","hentry","category-entidades-con-corazon","autor-itziar-bravo-es"],"aioseo_notices":[],"_links":{"self":[{"href":"https:\/\/blog.caritas.barcelona\/es\/wp-json\/wp\/v2\/posts\/10201","targetHints":{"allow":["GET"]}}],"collection":[{"href":"https:\/\/blog.caritas.barcelona\/es\/wp-json\/wp\/v2\/posts"}],"about":[{"href":"https:\/\/blog.caritas.barcelona\/es\/wp-json\/wp\/v2\/types\/post"}],"author":[{"embeddable":true,"href":"https:\/\/blog.caritas.barcelona\/es\/wp-json\/wp\/v2\/users\/4"}],"replies":[{"embeddable":true,"href":"https:\/\/blog.caritas.barcelona\/es\/wp-json\/wp\/v2\/comments?post=10201"}],"version-history":[{"count":14,"href":"https:\/\/blog.caritas.barcelona\/es\/wp-json\/wp\/v2\/posts\/10201\/revisions"}],"predecessor-version":[{"id":13737,"href":"https:\/\/blog.caritas.barcelona\/es\/wp-json\/wp\/v2\/posts\/10201\/revisions\/13737"}],"wp:featuredmedia":[{"embeddable":true,"href":"https:\/\/blog.caritas.barcelona\/es\/wp-json\/wp\/v2\/media\/10135"}],"wp:attachment":[{"href":"https:\/\/blog.caritas.barcelona\/es\/wp-json\/wp\/v2\/media?parent=10201"}],"wp:term":[{"taxonomy":"category","embeddable":true,"href":"https:\/\/blog.caritas.barcelona\/es\/wp-json\/wp\/v2\/categories?post=10201"},{"taxonomy":"post_tag","embeddable":true,"href":"https:\/\/blog.caritas.barcelona\/es\/wp-json\/wp\/v2\/tags?post=10201"},{"taxonomy":"autor","embeddable":true,"href":"https:\/\/blog.caritas.barcelona\/es\/wp-json\/wp\/v2\/autor?post=10201"}],"curies":[{"name":"wp","href":"https:\/\/api.w.org\/{rel}","templated":true}]}}