{"id":10164,"date":"2020-09-16T21:12:24","date_gmt":"2020-09-16T19:12:24","guid":{"rendered":"https:\/\/blog.caritas.barcelona\/?p=10164"},"modified":"2020-09-16T21:12:24","modified_gmt":"2020-09-16T19:12:24","slug":"muere-nuria-gispert-directora-de-caritas-diocesana-de-barcelona-entre-1998-y-2004","status":"publish","type":"post","link":"https:\/\/blog.caritas.barcelona\/es\/institucional-es\/muere-nuria-gispert-directora-de-caritas-diocesana-de-barcelona-entre-1998-y-2004\/","title":{"rendered":"Muere N\u00faria Gispert, directora de C\u00e1ritas Diocesana de Barcelona entre 1998 y 2004"},"content":{"rendered":"<p>&#8220;La C\u00e1ritas de hoy no se entender\u00eda sin su convicci\u00f3n para poner a la persona en el centro. Su legado forma parte de C\u00e1ritas&#8221;, ha indicado el director de C\u00e1ritas Diocesana de Barcelona, \u200b\u200bSalvador Busquets<\/p>\n<p style=\"text-align: center\"><img loading=\"lazy\" decoding=\"async\" class=\"size-full wp-image-10159 aligncenter\" src=\"https:\/\/blog.caritas.barcelona\/wp-content\/uploads\/sites\/2\/2020\/09\/2001101_Gispert_Trobada_Institucional_TNC_@Dani_Codina-e1600283241235.jpg\" alt=\"\" width=\"768\" height=\"534\" \/><\/p>\n<p>A los 84 a\u00f1os, nos ha dejado N\u00faria Gispert. N\u00faria Gispert y Feliu (Barcelona 1936) <strong>fue directora de C\u00e1ritas Diocesana de Barcelona entre los a\u00f1os 1998 y 2004, y tambi\u00e9n fue presidenta de C\u00e1ritas Espa\u00f1ola entre 2002 y 2004<\/strong>. Persona vinculada al activismo social y cristiano, Gispert comenz\u00f3 su dedicaci\u00f3n social a los 14 a\u00f1os, haciendo voluntariado en Can Tunis. Posteriormente, traslad\u00f3 su vocaci\u00f3n social en el mundo de la pol\u00edtica.<\/p>\n<p>Durante su mandato como directora de C\u00e1ritas Diocesana de Barcelona <strong>impuls\u00f3 el proyecto Alc\u00e1ntara, el primer centro para menores no acompa\u00f1ados de la entidad<\/strong>. Asimismo, potenci\u00f3 la labor de C\u00e1ritas en favor de las mujeres maltratadas, <strong>iniciando una residencia para mujeres que sufr\u00edan violencia de g\u00e9nero<\/strong>. Finalmente, <strong>trabaj\u00f3 para la defensa de los derechos de las personas migrantes que promov\u00edan las cerradas de 2001 en la Esgl\u00e9sia del Pi<\/strong>.<\/p>\n<p>Por otra parte, <strong>promovi\u00f3 Empreses amb Cor, un proyecto pionero que agrupa a todas aquellas empresas y fundaciones que ayudan a C\u00e1ritas<\/strong>, ya sea por medio de donativos econ\u00f3micos o con productos de primera necesidad.<\/p>\n<p style=\"text-align: center\"><img loading=\"lazy\" decoding=\"async\" class=\"size-full wp-image-10161 aligncenter\" src=\"https:\/\/blog.caritas.barcelona\/wp-content\/uploads\/sites\/2\/2020\/09\/20170707_15_ANIVERSARI_ENTITATS_AMB_COR_@JORDI_BOIXAREU-scaled-e1600283313808.jpg\" alt=\"\" width=\"768\" height=\"512\" \/><\/p>\n<p>Gispert siempre trabaj\u00f3 con la convicci\u00f3n de que la solidaridad no deb\u00eda confundirse con la caridad, ya que seg\u00fan ella hab\u00eda que trabajar para promocionar las personas. <strong>&#8220;No se trata solo de paliar las necesidades b\u00e1sicas de las personas m\u00e1s desfavorecidas, sino de luchar contra las desigualdades y las injusticias que las causan.<\/strong> Se trata de mejorar las leyes y las situaciones para mejorar la vida de los colectivos m\u00e1s vulnerables. Hay que sentirse responsable del otro y de su situaci\u00f3n. Solo poni\u00e9ndonos en la piel del otro podremos entender las dificultades en que se encuentra&#8221;, dec\u00eda Gispert en la entrevista que C\u00e1ritas Barcelona le hizo el a\u00f1o pasado con motivo del 75 aniversario de la entidad. <strong>Para Gispert, los cristianos ten\u00edan que salir a la calle, de las iglesias, y trabajar para recuperar la esencia de la Iglesia y ayudar a los excluidos<\/strong>.<\/p>\n<p>El actual delegado episcopal, Mn. Josep Mat\u00edas, y Salvador Busquets, director de C\u00e1ritas Diocesana de Barcelona, \u200b\u200bhan querido tener un <strong>recuerdo para la familia de Gispert, y han afirmado que la C\u00e1ritas de hoy no se entender\u00eda sin la convicci\u00f3n de Gispert de poner a la persona en el centro:<\/strong> &#8220;su legado forma parte de C\u00e1ritas&#8221;, ha indicado el director de C\u00e1ritas Barcelona.<\/p>\n","protected":false},"excerpt":{"rendered":"<p>&#8220;La C\u00e1ritas de hoy no se entender\u00eda sin su convicci\u00f3n para poner a la persona en el centro. Su legado forma parte de C\u00e1ritas&#8221;, ha indicado el director de C\u00e1ritas Diocesana de Barcelona, \u200b\u200bSalvador Busquets A los 84 a\u00f1os, nos ha dejado N\u00faria Gispert. N\u00faria Gispert y Feliu (Barcelona 1936) fue directora de C\u00e1ritas Diocesana [&hellip;]<\/p>\n","protected":false},"author":4,"featured_media":10160,"comment_status":"open","ping_status":"open","sticky":false,"template":"","format":"standard","meta":{"footnotes":""},"categories":[21],"tags":[],"autor":[36],"class_list":["post-10164","post","type-post","status-publish","format-standard","has-post-thumbnail","hentry","category-institucional-es","autor-caritas-diocesana-de-barcelona-es"],"aioseo_notices":[],"_links":{"self":[{"href":"https:\/\/blog.caritas.barcelona\/es\/wp-json\/wp\/v2\/posts\/10164","targetHints":{"allow":["GET"]}}],"collection":[{"href":"https:\/\/blog.caritas.barcelona\/es\/wp-json\/wp\/v2\/posts"}],"about":[{"href":"https:\/\/blog.caritas.barcelona\/es\/wp-json\/wp\/v2\/types\/post"}],"author":[{"embeddable":true,"href":"https:\/\/blog.caritas.barcelona\/es\/wp-json\/wp\/v2\/users\/4"}],"replies":[{"embeddable":true,"href":"https:\/\/blog.caritas.barcelona\/es\/wp-json\/wp\/v2\/comments?post=10164"}],"version-history":[{"count":2,"href":"https:\/\/blog.caritas.barcelona\/es\/wp-json\/wp\/v2\/posts\/10164\/revisions"}],"predecessor-version":[{"id":10166,"href":"https:\/\/blog.caritas.barcelona\/es\/wp-json\/wp\/v2\/posts\/10164\/revisions\/10166"}],"wp:featuredmedia":[{"embeddable":true,"href":"https:\/\/blog.caritas.barcelona\/es\/wp-json\/wp\/v2\/media\/10160"}],"wp:attachment":[{"href":"https:\/\/blog.caritas.barcelona\/es\/wp-json\/wp\/v2\/media?parent=10164"}],"wp:term":[{"taxonomy":"category","embeddable":true,"href":"https:\/\/blog.caritas.barcelona\/es\/wp-json\/wp\/v2\/categories?post=10164"},{"taxonomy":"post_tag","embeddable":true,"href":"https:\/\/blog.caritas.barcelona\/es\/wp-json\/wp\/v2\/tags?post=10164"},{"taxonomy":"autor","embeddable":true,"href":"https:\/\/blog.caritas.barcelona\/es\/wp-json\/wp\/v2\/autor?post=10164"}],"curies":[{"name":"wp","href":"https:\/\/api.w.org\/{rel}","templated":true}]}}