{"id":10019,"date":"2020-07-17T16:30:41","date_gmt":"2020-07-17T14:30:41","guid":{"rendered":"https:\/\/blog.caritas.barcelona\/?p=10019"},"modified":"2020-07-17T16:53:41","modified_gmt":"2020-07-17T14:53:41","slug":"el-derecho-a-la-vivienda-en-cuarentena","status":"publish","type":"post","link":"https:\/\/blog.caritas.barcelona\/es\/sin-hogar-y-vivienda\/el-derecho-a-la-vivienda-en-cuarentena\/","title":{"rendered":"El derecho a la vivienda, en cuarentena"},"content":{"rendered":"<p><strong>Impactos de la crisis de la COVID-19 en la vivienda de las personas atendidas por\u00a0CDB<\/strong><\/p>\n<p>Durante el Estado de alarma decretado para hacer frente a la pandemia de la COVID-19,\u00a0<strong>la vivienda ha adquirido el valor social que, desde C\u00e1ritas, hace tiempo que venimos se\u00f1alando.<\/strong> Muchas personas vieron como sus vidas quedaron recluidas en viviendas inadecuadas, muchas familias se sintieron todav\u00eda m\u00e1s atrapadas en aquellas habitaciones de realquiler con insuficiente ventilaci\u00f3n y luz natural. <strong>La verdadera cara de la vulneraci\u00f3n del derecho a la vivienda se ha podido ver durante esta pandemia.<\/strong><\/p>\n<p>El derecho a la vivienda es un derecho reconocido pero frecuentemente vulnerado. Las personas en situaci\u00f3n de exclusi\u00f3n social\u00a0<strong>no han podido beneficiarse de las medidas aprobadas durante la crisis de la COVID-19, puesto que estas han sido pensadas como apoyo a personas que han entrado en precariedad a ra\u00edz de la parada de la econom\u00eda por culpa de la pandemia.\u00a0<\/strong>En cambio, las personas que ya estaban en situaci\u00f3n de exclusi\u00f3n sufr\u00edan unas condicionas de acceso mucho m\u00e1s complicadas, puesto que no disponen de contrato de alquiler, muchas veces no disponen de las\u00a0garant\u00edas necesarias para poder alquilar una vivienda y, ni mucho menos, acceder a una hipoteca.<\/p>\n<p><img loading=\"lazy\" decoding=\"async\" class=\"aligncenter wp-image-10010 size-large\" src=\"https:\/\/blog.caritas.barcelona\/wp-content\/uploads\/sites\/2\/2020\/07\/20170418_Ramon_Alb%C3%B3_@Sergi_C%C3%A0mara-1-1024x702.jpg\" alt=\"\" width=\"1024\" height=\"702\" \/><\/p>\n<p>C\u00e1ritas ha realizado una encuesta entre los hogares que atiende, para ver como las ha impactado esta crisis de la COVID-19.\u00a0<strong>Casi la mitad (49%) indican no pueden cubrir los gastos que tienen de suministros del hogar y un 43% afianzan que no pudieron pagar el precio de alquiler, realquiler o de su hipoteca<\/strong>. Un 17% se ha tenido que mudar o se est\u00e1n planteando mudarse debido a la incapacidad para hacer frente estos pagos. Y\u00a0<strong>hasta el 14% han recibido una amenaza de expulsi\u00f3n<\/strong>, habiendo sufrido abusos de poder casi el 9% de los hogares. No nos hab\u00edamos recuperado de una crisis econ\u00f3mica iniciada al 2007 y que tuvo como consecuencia una emergencia habitacional encara no resuelta, y nos hemos encontrado con esta situaci\u00f3n de la COVID-19.<\/p>\n<p><strong>Valoramos positivamente las moratorias aprobadas en cuanto al pago de alquileres e hipotecas pero estas medidas son insuficientes<\/strong>\u00a0atendiendo a la realidad de las personas a las que acompa\u00f1amos. La carencia de ingresos por la imposibilidad de trabajo durante la COVID-19 ha sido una constante en las personas que acompa\u00f1amos.<\/p>\n<p>Tambi\u00e9n destacamos en positivo que en algunos hogares acompa\u00f1ados por C\u00e1ritas se han podido\u00a0<strong>aplazar los pagos de vivienda (34%), o incluso en algunos casos se ha podido bajar el importe a pagar (4%).<\/strong><\/p>\n<p><img loading=\"lazy\" decoding=\"async\" class=\"aligncenter wp-image-10012 size-large\" src=\"https:\/\/blog.caritas.barcelona\/wp-content\/uploads\/sites\/2\/2020\/07\/20170418_Ramon_Alb%C3%B3_@Sergi_C%C3%A0mara-5-1024x702.jpg\" alt=\"\" width=\"1024\" height=\"702\" \/><\/p>\n<p>La situaci\u00f3n de grave dificultad en el acceso al derecho a la vivienda, se ha visto pues\u00a0<strong>empeorada debido a las consecuencias del Estado de alarma, con lo cual ahora hay que hacer un sobreesfuerzo, que se tiene que sumar al importante esfuerzo que ya se ten\u00eda que hacer antes de la COVID-19, para garantizar que todo el mundo tenga una vivienda digna, un hogar adecuado.\u00a0<\/strong>Hay que incrementar un parque de vivienda p\u00fablica social que llegue a la media europea. En este sentido, sabiendo que la pol\u00edtica de vivienda tiene que combinar medidas a largo plazo con otros a corto, C\u00e1ritas propone una serie de medidas que, en conjunto, mejorar\u00edan las capacidades de las administraciones para conseguir el parque de vivienda p\u00fablica que necesitemos.<\/p>\n<ul>\n<li><strong>El empadronamiento<\/strong><\/li>\n<\/ul>\n<div class=\"traductor-textarea form-group\">\n<div class=\"textarea-desti col-xs-12 col-sm-6\">\n<div class=\"form-control second-textarea\">La primera cuesti\u00f3n a abordar tiene que ser el derecho al empadronamiento. <strong>Los Ayuntamiento no pueden seguir denegando el empadronamiento alegando cuestiones como la lucha contra la ocupaci\u00f3n ilegal de viviendas<\/strong>, impedir el empadronamiento de personas migradas, juzgar cuestiones de naturaleza jur\u00eddico-privadas sobre la vivienda o sobre cuestiones de residencia legal en Espa\u00f1a de las personas interesadas. Todo y la reciente aprobaci\u00f3n de la\u00a0 Resoluci\u00f3n de 29 de abril de 2020, esta realidad todav\u00eda persiste. Por lo tanto, <strong>C\u00e1ritas reitera que corresponde en los Ayuntamientos buscar y aplicar los medios disponibles para empadronar en todas las personas que viven en su municipio y as\u00ed lo hayan solicitado<\/strong>. En los casos de personas y familias que relloguen habitaciones y que no lo pueden acreditar documentalmente, hay que aplicar el mecanismo del empadronamiento sin domicilio fijo.<\/div>\n<\/div>\n<\/div>\n<p>Para que todas las administraciones p\u00fablicas catalanas tengan m\u00e1s herramientas para conseguir vivienda y se pueda ampliar el parque de vivienda p\u00fablica de alquiler social,\u00a0<strong>C\u00e1ritas defiende la recuperaci\u00f3n el art\u00edculo 42.6 de la Ley del Derecho a la Vivienda (18\/2007) para recobrar la herramienta del alquiler forzoso.<\/strong><\/p>\n<p><img loading=\"lazy\" decoding=\"async\" class=\"aligncenter wp-image-10014 size-large\" src=\"https:\/\/blog.caritas.barcelona\/wp-content\/uploads\/sites\/2\/2020\/07\/20170418_Ramon_Alb%C3%B3_@Sergi_C%C3%A0mara-21-1024x702.jpg\" alt=\"\" width=\"1024\" height=\"702\" \/><\/p>\n<div class=\"traductor-textarea form-group\">\n<div class=\"textarea-desti col-xs-12 col-sm-6\">\n<div class=\"form-control second-textarea\"><strong>C\u00e1ritas tambi\u00e9n pide dotar de presupuesto adecuado el programa de ayudas al alquiler de la Generalitat de Catalu\u00f1a, el cual ha visto reducido su presupuesto los dos \u00faltimos a\u00f1os, al tiempo que muchas solicitudes se quedan sin respuesta.<\/strong> Del mismo modo, C\u00e1ritas entiende que la Generalitat de Catalu\u00f1a tiene que potenciar estas ayudas al pago del alquiler ampliando el umbral que le viene marcado por el Plan Estatal y levantando los limitantes que se han posado durante las convocatorias de los dos \u00faltimos a\u00f1os. Hace falta que se adapten a la capacidad de justificaci\u00f3n que tienen las personas en situaci\u00f3n de exclusi\u00f3n.<\/div>\n<\/div>\n<\/div>\n<ul>\n<li><strong>El abordaje del sinhogarismo<\/strong><\/li>\n<\/ul>\n<p>En linea con las pol\u00edticas de exclusi\u00f3n social, el Departamento de Trabajo y Asuntos Sociales y Familia tendr\u00eda que aprobar, de manera urgente,\u00a0<strong>la estrategia integral por el abordaje del\u00a0sensellarisme, as\u00ed como dotarla adecuadamente de presupuesto, para que los municipios catalanes puedan establecer unas pol\u00edticas que vayan m\u00e1s all\u00e1 de las desplegadas hasta ahora.<\/strong><\/p>\n<p>Habr\u00e1 que volver a potenciar los mecanismos para\u00a0<strong>evitar la p\u00e9rdida de la vivienda de compra, como comienzos de la d\u00e9cada pasada.<\/strong>\u00a0Por eso,\u00a0C\u00e1ritas pide un programa de ayudas al pago de cuotas hipotecarias,\u00a0para que la mediaci\u00f3n de la\u00a0Ofideute\u00a0pueda venir acompa\u00f1ada de un apoyo econ\u00f3mico que permita a las personas en situaci\u00f3n de impago posarse en el d\u00eda de las cuotas hipotecarias.<\/p>\n<p><strong>Por \u00faltimo,\u00a0hay que entender que el derecho a la vivienda no estar\u00e1 garantizado si no va acompa\u00f1ado del derecho a la energ\u00eda<\/strong>.\u00a0Las medidas de confinamiento y restricci\u00f3n a la movilidad han supuesto el incremento del consumo dom\u00e9stico. C\u00e1ritas entiende que hay que encontrar soluciones por las deudas generadas por el consumo de los suministros b\u00e1sicos.<\/p>\n<p>Descarga el Informe\u00a0<a href=\"https:\/\/caritas.barcelona\/es\/publicacion\/primer-impacto-de-la-crisis-de-la-covid-19-en-las-familias-atendidas-por-caritas-diocesana-de-barcelona\/\" target=\"_blank\" rel=\"noopener noreferrer\"><strong>(Primer) impacto de la crisis de la COVID-19 en las familias atendidas por C\u00e1ritas Diocesana de Barcelona<\/strong><\/a><\/p>\n<p>Consultalo en la web\u00a0<strong><a href=\"https:\/\/caritas.barcelona\/es\/observatorio\/especial-covid-19\/\" target=\"_blank\" rel=\"noopener noreferrer\">https:\/\/caritas.barcelona\/es\/observatorio\/especial-covid-19\/<\/a><\/strong><\/p>\n","protected":false},"excerpt":{"rendered":"<p>Impactos de la crisis de la COVID-19 en la vivienda de las personas atendidas por\u00a0CDB Durante el Estado de alarma decretado para hacer frente a la pandemia de la COVID-19,\u00a0la vivienda ha adquirido el valor social que, desde C\u00e1ritas, hace tiempo que venimos se\u00f1alando. Muchas personas vieron como sus vidas quedaron recluidas en viviendas inadecuadas, [&hellip;]<\/p>\n","protected":false},"author":4,"featured_media":10011,"comment_status":"open","ping_status":"open","sticky":false,"template":"","format":"standard","meta":{"footnotes":""},"categories":[2057,24],"tags":[],"autor":[1185],"class_list":["post-10019","post","type-post","status-publish","format-standard","has-post-thumbnail","hentry","category-observatorio-de-la-realidad","category-sin-hogar-y-vivienda","autor-fernando-diaz-es"],"aioseo_notices":[],"_links":{"self":[{"href":"https:\/\/blog.caritas.barcelona\/es\/wp-json\/wp\/v2\/posts\/10019","targetHints":{"allow":["GET"]}}],"collection":[{"href":"https:\/\/blog.caritas.barcelona\/es\/wp-json\/wp\/v2\/posts"}],"about":[{"href":"https:\/\/blog.caritas.barcelona\/es\/wp-json\/wp\/v2\/types\/post"}],"author":[{"embeddable":true,"href":"https:\/\/blog.caritas.barcelona\/es\/wp-json\/wp\/v2\/users\/4"}],"replies":[{"embeddable":true,"href":"https:\/\/blog.caritas.barcelona\/es\/wp-json\/wp\/v2\/comments?post=10019"}],"version-history":[{"count":1,"href":"https:\/\/blog.caritas.barcelona\/es\/wp-json\/wp\/v2\/posts\/10019\/revisions"}],"predecessor-version":[{"id":10020,"href":"https:\/\/blog.caritas.barcelona\/es\/wp-json\/wp\/v2\/posts\/10019\/revisions\/10020"}],"wp:featuredmedia":[{"embeddable":true,"href":"https:\/\/blog.caritas.barcelona\/es\/wp-json\/wp\/v2\/media\/10011"}],"wp:attachment":[{"href":"https:\/\/blog.caritas.barcelona\/es\/wp-json\/wp\/v2\/media?parent=10019"}],"wp:term":[{"taxonomy":"category","embeddable":true,"href":"https:\/\/blog.caritas.barcelona\/es\/wp-json\/wp\/v2\/categories?post=10019"},{"taxonomy":"post_tag","embeddable":true,"href":"https:\/\/blog.caritas.barcelona\/es\/wp-json\/wp\/v2\/tags?post=10019"},{"taxonomy":"autor","embeddable":true,"href":"https:\/\/blog.caritas.barcelona\/es\/wp-json\/wp\/v2\/autor?post=10019"}],"curies":[{"name":"wp","href":"https:\/\/api.w.org\/{rel}","templated":true}]}}